{"id":17733,"date":"2025-08-25T12:07:45","date_gmt":"2025-08-25T12:07:45","guid":{"rendered":"https:\/\/ladepeche.mr\/?p=17733"},"modified":"2025-08-25T12:07:45","modified_gmt":"2025-08-25T12:07:45","slug":"cas-de-variole-du-singe-au-senegal-les-autorites-sanitaires-appellent-les-citoyens-a-la-vigilance","status":"publish","type":"post","link":"https:\/\/ladepeche.mr\/?p=17733","title":{"rendered":"Cas de variole du singe au S\u00e9n\u00e9gal : Les autorit\u00e9s sanitaires appellent les citoyens \u00e0 la vigilance"},"content":{"rendered":"<p>Les autorit\u00e9s sanitaires ont Dans une note d\u2019information ont appel\u00e9 tous les citoyens et r\u00e9sidents \u00e0 faire preuve de vigilance et \u00e0 respecter les consignes sanitaires, \u00e0 la suite de l\u2019annonce de l\u2019apparition d\u2019un cas de variole du singe au S\u00e9n\u00e9gal voisin, sans toutefois le nommer.<br \/>\nLa note confirme \u00e9galement que, gr\u00e2ce \u00e0 Dieu, aucun cas n\u2019a \u00e9t\u00e9 enregistr\u00e9 dans le pays jusqu\u2019\u00e0 pr\u00e9sent soulignant que les services comp\u00e9tents sont mobilis\u00e9s pour parer \u00e0 toute \u00e9ventualit\u00e9.<br \/>\nLes autorit\u00e9s ont \u00e9galement annonc\u00e9 le renforcement du niveau de surveillance sanitaire \u00e0 toutes les fronti\u00e8res terrestres, a\u00e9riennes et maritimes du pays pour un d\u00e9pistage pr\u00e9coce.<br \/>\nLes autorit\u00e9s soulignent enfin que suite \u00e0 l\u2019annonce de ce premier cas, au S\u00e9n\u00e9gal, la Direction de la m\u00e9decine pr\u00e9ventive et de la lutte contre les maladies a tenu une r\u00e9union d\u2019urgence en pr\u00e9sence des partenaires pour examiner la situation \u00e9pid\u00e9miologique, \u00e9valuer le niveau de risque, et prendre les mesures pr\u00e9ventives et de pr\u00e9caution.<\/p>\n","protected":false},"excerpt":{"rendered":"<p>Les autorit\u00e9s sanitaires ont Dans une note d\u2019information ont appel\u00e9 tous les citoyens et r\u00e9sidents \u00e0 faire preuve de vigilance et \u00e0 respecter les consignes sanitaires, \u00e0 la suite de l\u2019annonce de l\u2019apparition d\u2019un cas de variole du singe au S\u00e9n\u00e9gal voisin, sans toutefois le nommer. La note confirme \u00e9galement que, gr\u00e2ce \u00e0 Dieu, aucun &hellip;<\/p>\n","protected":false},"author":2,"featured_media":17734,"comment_status":"open","ping_status":"open","sticky":false,"template":"","format":"standard","meta":{"footnotes":""},"categories":[18,27],"tags":[],"class_list":["post-17733","post","type-post","status-publish","format-standard","has-post-thumbnail","hentry","category-actualites","category-sante"],"_links":{"self":[{"href":"https:\/\/ladepeche.mr\/index.php?rest_route=\/wp\/v2\/posts\/17733","targetHints":{"allow":["GET"]}}],"collection":[{"href":"https:\/\/ladepeche.mr\/index.php?rest_route=\/wp\/v2\/posts"}],"about":[{"href":"https:\/\/ladepeche.mr\/index.php?rest_route=\/wp\/v2\/types\/post"}],"author":[{"embeddable":true,"href":"https:\/\/ladepeche.mr\/index.php?rest_route=\/wp\/v2\/users\/2"}],"replies":[{"embeddable":true,"href":"https:\/\/ladepeche.mr\/index.php?rest_route=%2Fwp%2Fv2%2Fcomments&post=17733"}],"version-history":[{"count":1,"href":"https:\/\/ladepeche.mr\/index.php?rest_route=\/wp\/v2\/posts\/17733\/revisions"}],"predecessor-version":[{"id":17735,"href":"https:\/\/ladepeche.mr\/index.php?rest_route=\/wp\/v2\/posts\/17733\/revisions\/17735"}],"wp:featuredmedia":[{"embeddable":true,"href":"https:\/\/ladepeche.mr\/index.php?rest_route=\/wp\/v2\/media\/17734"}],"wp:attachment":[{"href":"https:\/\/ladepeche.mr\/index.php?rest_route=%2Fwp%2Fv2%2Fmedia&parent=17733"}],"wp:term":[{"taxonomy":"category","embeddable":true,"href":"https:\/\/ladepeche.mr\/index.php?rest_route=%2Fwp%2Fv2%2Fcategories&post=17733"},{"taxonomy":"post_tag","embeddable":true,"href":"https:\/\/ladepeche.mr\/index.php?rest_route=%2Fwp%2Fv2%2Ftags&post=17733"}],"curies":[{"name":"wp","href":"https:\/\/api.w.org\/{rel}","templated":true}]}}