{"id":17743,"date":"2025-08-25T13:21:39","date_gmt":"2025-08-25T13:21:39","guid":{"rendered":"https:\/\/ladepeche.mr\/?p=17743"},"modified":"2025-08-25T13:21:39","modified_gmt":"2025-08-25T13:21:39","slug":"rim-senegal-le-berger-m-ba-arrete-par-la-police-de-matam-avec-un-pistolet-et-des-munitions-alors-quil-se-rendait-en-mauritanie","status":"publish","type":"post","link":"https:\/\/ladepeche.mr\/?p=17743","title":{"rendered":"RIM-S\u00e9n\u00e9gal: Le berger M. Ba arr\u00eat\u00e9 par la police de Matam avec un pistolet et des munitions, alors qu&#8217;il se rendait en Mauritanie"},"content":{"rendered":"<p>En partance pour la R\u00e9publique islamique de Mauritanie, le berger M.Ba a fini son voyage \u00e0 Matam o\u00f9 il a \u00e9t\u00e9 arr\u00eat\u00e9 par la police. Il d\u00e9tenait une arme \u00e0 feu de fabrication artisanale sans autorisation, selon des sources de Seneweb.<br \/>\nPour assurer la s\u00e9curit\u00e9 des citoyens et de leurs biens, les \u00e9l\u00e9ments du commissariat central de Matam avaient mis un dispositif s\u00e9curitaire \u00e0 l&#8217;entr\u00e9e de la commune, pour des contr\u00f4les routiers.<br \/>\nC&#8217;est dans ce cadre que les hommes du commissaire Abdou Faye ont intercept\u00e9, hier mardi, le suspect \u00e0 bord d&#8217;une moto-taxi.<br \/>\nLa fouille du sac \u00e0 dos de M. Ba a permis aux limiers de saisir une arme \u00e0 feu de fabrication artisanale et des munitions, selon des sources de Seneweb.<br \/>\nInterrog\u00e9 sur proc\u00e8s-verbal, le mis en cause a avou\u00e9 avoir acquis son pistolet depuis trois ans \u00e0 Dahra-Djolof, moyennant la somme de 50 000 F CFA pour se prot\u00e9ger des voleurs de b\u00e9tail.<br \/>\nM. Ba a aussi d\u00e9clar\u00e9 qu&#8217;il voulait rejoindre son b\u00e9tail actuellement en transhumance en R\u00e9publique islamique de Mauritanie.<br \/>\nIl a \u00e9t\u00e9 plac\u00e9 en garde \u00e0 vue en attendant d&#8217;\u00eatre d\u00e9f\u00e9r\u00e9 au parquet de Matam.<br \/>\nAuteur: Mor Mbaye CISSE<br \/>\nhttps:\/\/www.seneweb.com\/fr\/news\/Societe\/le-berger-m-ba-arrete-par-la-police-de-m_n_444006.html<\/p>\n","protected":false},"excerpt":{"rendered":"<p>En partance pour la R\u00e9publique islamique de Mauritanie, le berger M.Ba a fini son voyage \u00e0 Matam o\u00f9 il a \u00e9t\u00e9 arr\u00eat\u00e9 par la police. Il d\u00e9tenait une arme \u00e0 feu de fabrication artisanale sans autorisation, selon des sources de Seneweb. Pour assurer la s\u00e9curit\u00e9 des citoyens et de leurs biens, les \u00e9l\u00e9ments du commissariat &hellip;<\/p>\n","protected":false},"author":2,"featured_media":17744,"comment_status":"open","ping_status":"open","sticky":false,"template":"","format":"standard","meta":{"footnotes":""},"categories":[18,29],"tags":[],"class_list":["post-17743","post","type-post","status-publish","format-standard","has-post-thumbnail","hentry","category-actualites","category-monde"],"_links":{"self":[{"href":"https:\/\/ladepeche.mr\/index.php?rest_route=\/wp\/v2\/posts\/17743","targetHints":{"allow":["GET"]}}],"collection":[{"href":"https:\/\/ladepeche.mr\/index.php?rest_route=\/wp\/v2\/posts"}],"about":[{"href":"https:\/\/ladepeche.mr\/index.php?rest_route=\/wp\/v2\/types\/post"}],"author":[{"embeddable":true,"href":"https:\/\/ladepeche.mr\/index.php?rest_route=\/wp\/v2\/users\/2"}],"replies":[{"embeddable":true,"href":"https:\/\/ladepeche.mr\/index.php?rest_route=%2Fwp%2Fv2%2Fcomments&post=17743"}],"version-history":[{"count":1,"href":"https:\/\/ladepeche.mr\/index.php?rest_route=\/wp\/v2\/posts\/17743\/revisions"}],"predecessor-version":[{"id":17745,"href":"https:\/\/ladepeche.mr\/index.php?rest_route=\/wp\/v2\/posts\/17743\/revisions\/17745"}],"wp:featuredmedia":[{"embeddable":true,"href":"https:\/\/ladepeche.mr\/index.php?rest_route=\/wp\/v2\/media\/17744"}],"wp:attachment":[{"href":"https:\/\/ladepeche.mr\/index.php?rest_route=%2Fwp%2Fv2%2Fmedia&parent=17743"}],"wp:term":[{"taxonomy":"category","embeddable":true,"href":"https:\/\/ladepeche.mr\/index.php?rest_route=%2Fwp%2Fv2%2Fcategories&post=17743"},{"taxonomy":"post_tag","embeddable":true,"href":"https:\/\/ladepeche.mr\/index.php?rest_route=%2Fwp%2Fv2%2Ftags&post=17743"}],"curies":[{"name":"wp","href":"https:\/\/api.w.org\/{rel}","templated":true}]}}