{"id":17746,"date":"2025-08-25T13:46:26","date_gmt":"2025-08-25T13:46:26","guid":{"rendered":"https:\/\/ladepeche.mr\/?p=17746"},"modified":"2025-08-25T13:46:26","modified_gmt":"2025-08-25T13:46:26","slug":"ticad-9-la-jica-et-la-bad-signent-un-accord-visant-a-prolonger-linitiative-daide-renforcee-au-secteur-prive-pour-un-montant-de-55-milliards-de-dollars","status":"publish","type":"post","link":"https:\/\/ladepeche.mr\/?p=17746","title":{"rendered":"TICAD 9 : La JICA et la BAD signent un accord visant \u00e0 prolonger l&#8217;initiative d&#8217;Aide renforc\u00e9e au secteur priv\u00e9 pour un montant de 5,5 milliards de dollars"},"content":{"rendered":"<p>L\u2019Agence japonaise de coop\u00e9ration internationale (JICA) et la Banque africaine de d\u00e9veloppement ont sign\u00e9, jeudi \u00e0 Yokohama, un protocole d\u2019accord lan\u00e7ant la sixi\u00e8me phase de l\u2019initiative d\u2019Assistance renforc\u00e9e au secteur priv\u00e9 (EPSA 6), qui fournit un cadre pour la mobilisation de ressources essentielles et le partenariat pour le d\u00e9veloppement des pays africains.<\/p>\n<p>Dans le cadre d\u2019EPSA 6, la Banque et la JICA uniront leurs efforts pour soutenir les pays membres r\u00e9gionaux du Groupe de la Banque entre 2026 et 2028 afin de r\u00e9aliser un objectif de financement conjoint pouvant atteindre 5,5 milliards de dollars, soit un demi-milliard de dollars de plus que lors de la phase pr\u00e9c\u00e9dente (EPSA 5).<\/p>\n<p>La c\u00e9r\u00e9monie de signature a r\u00e9uni le pr\u00e9sident de la JICA, M. Akihiko Tanaka, et le vice-pr\u00e9sident du Groupe de la Banque charg\u00e9 de l\u2019\u00c9lectricit\u00e9, de l\u2019\u00c9nergie, du Climat et de la Croissance verte, M. Kevin Kariuki, \u00e0 l\u2019occasion de la neuvi\u00e8me Conf\u00e9rence internationale de Tokyo sur le d\u00e9veloppement de l\u2019Afrique (TICAD 9), qui se d\u00e9roule actuellement \u00e0 Yokohama, au Japon. Le ministre japonais des Finances, M. Katsunobu Kato, \u00e9tait \u00e9galement pr\u00e9sent \u00e0 la c\u00e9remonie.<\/p>\n<p>Lanc\u00e9e en 2005 en partenariat avec le gouvernement japonais, l\u2019initiative EPSA appuie la mise en \u0153uvre de la Strat\u00e9gie de la Banque pour le d\u00e9veloppement du secteur priv\u00e9. Ses priorit\u00e9s portent sur l\u2019\u00e9nergie, la connectivit\u00e9, la sant\u00e9, l\u2019agriculture et la nutrition.<\/p>\n<p>M. Tanaka a rappel\u00e9 que les cofinancements r\u00e9alis\u00e9s depuis 2005 par la Banque africaine de d\u00e9veloppement et la JICA, dans le cadre des pr\u00e9c\u00e9dents accords EPSA, avaient permis de mobiliser 12 milliards de dollars pour l\u2019Afrique, soulignant que l\u2019objectif ambitieux de 5,5 milliards de dollars fix\u00e9 pour EPSA 6 \u00e9tait plus de cinq fois sup\u00e9rieur \u00e0 celui de la premi\u00e8re phase il y a vingt ans. \u00ab Cela refl\u00e8te la solidit\u00e9 croissante de notre partenariat et l\u2019importance accrue de nos efforts conjoints \u00bb, a-t-il d\u00e9clar\u00e9. M. Tanaka a \u00e9galement annonc\u00e9 que la r\u00e9silience serait une nouvelle priorit\u00e9 de cette phase : \u00ab Nous nous engageons \u00e0 r\u00e9pondre non seulement au changement climatique, mais aussi \u00e0 un large \u00e9ventail de chocs. \u00bb<\/p>\n<p>M. Tanaka a salu\u00e9 le r\u00f4le du pr\u00e9sident sortant de la Banque, M. Akinwumi Adesina, qui a marqu\u00e9 plus de la moiti\u00e9 de l\u2019histoire d\u2019EPSA. \u00ab Gr\u00e2ce \u00e0 son engagement fort et \u00e0 son soutien, nous sommes heureux de constater qu\u2019EPSA 5 est sur le point d\u2019atteindre son objectif de cinq milliards de dollars d\u2019ici \u00e0 la fin de l\u2019ann\u00e9e \u00bb, a-t-il pr\u00e9cis\u00e9.<\/p>\n<p>La composante \u00ab Op\u00e9rations non souveraines \u00bb d\u2019EPSA soutient le financement des activit\u00e9s du secteur priv\u00e9 de la Banque par le biais d\u2019une ligne de cr\u00e9dit accord\u00e9e par la JICA \u00e0 des conditions concessionnelles. Les pr\u00e9c\u00e9dents accords EPSA ont contribu\u00e9 au financement d\u2019infrastructures essentielles telles que la centrale hydro\u00e9lectrique de Bujagali (Ouganda), RASCOM (premier satellite panafricain de t\u00e9l\u00e9communications), le syst\u00e8me de c\u00e2bles sous-marins d\u2019Afrique de l\u2019Est, la route \u00e0 p\u00e9age de Lekki (Nig\u00e9ria) ou encore l\u2019usine d\u2019approvisionnement en eau de Kigali (Rwanda).<\/p>\n<p>\u00ab Le Japon est l\u2019un des principaux actionnaires de la Banque africaine de d\u00e9veloppement et contributeurs au Fonds africain de d\u00e9veloppement. EPSA est \u00e9galement le partenariat bilat\u00e9ral le plus important et le plus durable de la Banque avec un pays membre.  Le Japon a \u00e9t\u00e9 un pionnier du soutien au secteur priv\u00e9 en Afrique depuis 2005 \u00bb, a tenu \u00e0 rappeler M. Kevin Kariuki. \u00ab Je salue l\u2019engagement constant du gouvernement japonais envers le d\u00e9veloppement de l\u2019Afrique et je suis convaincu que nous continuerons \u00e0 consolider nos r\u00e9ussites communes entre le Japon et l\u2019Afrique \u00bb, a-t-il ajout\u00e9.<\/p>\n<p>Lanc\u00e9 lors de la huiti\u00e8me Conf\u00e9rence internationale de Tokyo sur le d\u00e9veloppement de l\u2019Afrique (TICAD 8) en 2022, EPSA 5 pr\u00e9voyait une coop\u00e9ration financi\u00e8re de cinq milliards de dollars sur la p\u00e9riode 2023-2025.<\/p>\n<p>L\u2019objectif de cofinancement conjoint de quatre milliards de dollars a \u00e9t\u00e9 atteint \u00ab \u00e0 ce jour \u00bb, selon M. Kariuki, et 1,6 milliard de dollars de projets suppl\u00e9mentaires devraient \u00eatre finalis\u00e9s d\u2019ici \u00e0 la fin de 2025, portant le total \u00e0 5,6 milliards de dollars &#8211; 112 % des cinq milliards de dollars annonc\u00e9s pour EPSA 5.<\/p>\n<p>Le ministre japonais des Finances, M. Katsunobu Kato, a soulign\u00e9 que la nouvelle orientation d\u2019EPSA 6 sur la r\u00e9silience aiderait les pays africains lourdement endett\u00e9s, tout en stimulant l\u2019investissement priv\u00e9.<\/p>\n<p>\u00ab L\u2019Afrique offre d\u2019\u00e9normes opportunit\u00e9s pour une expansion significative des march\u00e9s \u00bb, a-t-il d\u00e9clar\u00e9.<br \/>\nSource BAD<\/p>\n","protected":false},"excerpt":{"rendered":"<p>L\u2019Agence japonaise de coop\u00e9ration internationale (JICA) et la Banque africaine de d\u00e9veloppement ont sign\u00e9, jeudi \u00e0 Yokohama, un protocole d\u2019accord lan\u00e7ant la sixi\u00e8me phase de l\u2019initiative d\u2019Assistance renforc\u00e9e au secteur priv\u00e9 (EPSA 6), qui fournit un cadre pour la mobilisation de ressources essentielles et le partenariat pour le d\u00e9veloppement des pays africains. Dans le cadre &hellip;<\/p>\n","protected":false},"author":2,"featured_media":17747,"comment_status":"open","ping_status":"open","sticky":false,"template":"","format":"standard","meta":{"footnotes":""},"categories":[18,29],"tags":[],"class_list":["post-17746","post","type-post","status-publish","format-standard","has-post-thumbnail","hentry","category-actualites","category-monde"],"_links":{"self":[{"href":"https:\/\/ladepeche.mr\/index.php?rest_route=\/wp\/v2\/posts\/17746","targetHints":{"allow":["GET"]}}],"collection":[{"href":"https:\/\/ladepeche.mr\/index.php?rest_route=\/wp\/v2\/posts"}],"about":[{"href":"https:\/\/ladepeche.mr\/index.php?rest_route=\/wp\/v2\/types\/post"}],"author":[{"embeddable":true,"href":"https:\/\/ladepeche.mr\/index.php?rest_route=\/wp\/v2\/users\/2"}],"replies":[{"embeddable":true,"href":"https:\/\/ladepeche.mr\/index.php?rest_route=%2Fwp%2Fv2%2Fcomments&post=17746"}],"version-history":[{"count":1,"href":"https:\/\/ladepeche.mr\/index.php?rest_route=\/wp\/v2\/posts\/17746\/revisions"}],"predecessor-version":[{"id":17748,"href":"https:\/\/ladepeche.mr\/index.php?rest_route=\/wp\/v2\/posts\/17746\/revisions\/17748"}],"wp:featuredmedia":[{"embeddable":true,"href":"https:\/\/ladepeche.mr\/index.php?rest_route=\/wp\/v2\/media\/17747"}],"wp:attachment":[{"href":"https:\/\/ladepeche.mr\/index.php?rest_route=%2Fwp%2Fv2%2Fmedia&parent=17746"}],"wp:term":[{"taxonomy":"category","embeddable":true,"href":"https:\/\/ladepeche.mr\/index.php?rest_route=%2Fwp%2Fv2%2Fcategories&post=17746"},{"taxonomy":"post_tag","embeddable":true,"href":"https:\/\/ladepeche.mr\/index.php?rest_route=%2Fwp%2Fv2%2Ftags&post=17746"}],"curies":[{"name":"wp","href":"https:\/\/api.w.org\/{rel}","templated":true}]}}