{"id":17749,"date":"2025-08-25T13:51:51","date_gmt":"2025-08-25T13:51:51","guid":{"rendered":"https:\/\/ladepeche.mr\/?p=17749"},"modified":"2025-08-25T13:51:51","modified_gmt":"2025-08-25T13:51:51","slug":"gaza-une-frappe-israelienne-sur-le-complexe-nasser-fait-20-morts-dont-5-journalistes","status":"publish","type":"post","link":"https:\/\/ladepeche.mr\/?p=17749","title":{"rendered":"Gaza\u202f: Une frappe isra\u00e9lienne sur le complexe Nasser fait 20 morts, dont 5 journalistes"},"content":{"rendered":"<p>Le cam\u00e9raman de Palestine TV, le photographe d\u2019Al Jazeera, deux photojournalistes et un journaliste ind\u00e9pendant figurent parmi les morts lors de l\u2019attaque isra\u00e9lienne contre le complexe m\u00e9dical Nasser \u00e0 Khan Youn\u00e8s, selon plusieurs sources.<br \/>\nVingt Palestiniens, dont cinq journalistes et un pompier, ont \u00e9t\u00e9 tu\u00e9s et plusieurs autres bless\u00e9s lundi lors d\u2019une frappe isra\u00e9lienne contre le complexe m\u00e9dical Nasser \u00e0 Khan Youn\u00e8s, dans le sud de la bande de Gaza, ont indiqu\u00e9 les autorit\u00e9s sanitaires et des t\u00e9moins.<\/p>\n<p>Selon les correspondants d\u2019Anadolu (AA), l\u2019arm\u00e9e isra\u00e9lienne a vis\u00e9 le dernier \u00e9tage du b\u00e2timent des urgences, appel\u00e9 \u00ab\u202fAl-Yassin\u202f\u00bb. Des sources m\u00e9dicales ont pr\u00e9cis\u00e9 que le bilan au complexe Nasser \u00e9tait pass\u00e9 de huit \u00e0 vingt morts apr\u00e8s la mort de 12 autres victimes.<\/p>\n<p>Le minist\u00e8re de la Sant\u00e9 de Gaza a confirm\u00e9 que 20 Palestiniens, parmi lesquels des patients, des personnels de sant\u00e9, des membres de la d\u00e9fense civile et des \u00e9quipes de presse, ont \u00e9t\u00e9 tu\u00e9s et plusieurs autres bless\u00e9s. Il a pr\u00e9cis\u00e9 que l\u2019arm\u00e9e isra\u00e9lienne avait frapp\u00e9 le quatri\u00e8me \u00e9tage de l\u2019un des b\u00e2timents du complexe avec deux frappes a\u00e9riennes, la seconde survenant alors que les \u00e9quipes de secours tentaient d\u2019\u00e9vacuer les bless\u00e9s et r\u00e9cup\u00e9rer les corps.<\/p>\n<p>Parmi les victimes figuraient le photojournaliste Husam el-Masri et le photographe Hatem Khaled (Reuters), le cam\u00e9raman Mohammad Selame (Al Jazeera), la photojournaliste Maryam Abu Daqqa (Independent Arabia et Associated Press), le journaliste Moaz Abu Taha (NBC News), ainsi qu\u2019Ahmed Abu Aziz, journaliste ind\u00e9pendant collaborant avec des sites tunisiens et marocains, d\u00e9c\u00e9d\u00e9 des suites des blessures subies lors de l\u2019attaque, selon des sources m\u00e9dicales cit\u00e9es par Anadolu.<\/p>\n<p>La d\u00e9fense civile palestinienne a indiqu\u00e9 qu\u2019un conducteur de camion de pompiers avait \u00e9t\u00e9 tu\u00e9 et que sept autres membres de son \u00e9quipe avaient \u00e9t\u00e9 bless\u00e9s en tentant de secourir les victimes et r\u00e9cup\u00e9rer les corps.<\/p>\n<p>L\u2019arm\u00e9e isra\u00e9lienne a confirm\u00e9 l\u2019attaque, affirmant qu\u2019elle \u00ab\u202fregrette tout dommage caus\u00e9 \u00e0 des civils non impliqu\u00e9s et ne cible en aucun cas les journalistes\u202f\u00bb. Un communiqu\u00e9 militaire a pr\u00e9cis\u00e9 que le chef d\u2019\u00e9tat-major, Eyal Zamir, a ordonn\u00e9 \u00ab\u202fune enqu\u00eate initiale d\u00e8s que possible\u202f\u00bb. Les enqu\u00eates militaires pr\u00e9c\u00e9dentes sur les attaques contre des civils et des travailleurs humanitaires n\u2019ont pas abouti \u00e0 des sanctions, ce que certains observateurs consid\u00e8rent comme une tentative d\u2019\u00e9chapper \u00e0 la responsabilit\u00e9.<\/p>\n<p>Ces nouveaux d\u00e9c\u00e8s portent \u00e0 245 le nombre de journalistes tu\u00e9s \u00e0 Gaza depuis octobre 2023, selon le Bureau gouvernemental des m\u00e9dias de Gaza, et ont suscit\u00e9 une vague de condamnations de la part des organisations m\u00e9diatiques.<\/p>\n<p>L\u2019Associated Press a confirm\u00e9 qu\u2019Abu Daqqa, 33 ans, journaliste ind\u00e9pendante travaillant pour AP depuis le d\u00e9but de la guerre \u00e0 Gaza, faisait partie des victimes. Elle avait couvert la crise humanitaire \u00e0 l\u2019h\u00f4pital Nasser, rapportant les difficult\u00e9s des m\u00e9decins \u00e0 sauver des enfants souffrant de malnutrition s\u00e9v\u00e8re. Le journal Independent Arabia, bas\u00e9 \u00e0 Londres, a rendu hommage \u00e0 Abu Daqqa, la qualifiant \u00ab\u202fd\u2019exemple de courage et de d\u00e9vouement dans la transmission de la v\u00e9rit\u00e9\u202f\u00bb.<br \/>\naa.com.tr<\/p>\n","protected":false},"excerpt":{"rendered":"<p>Le cam\u00e9raman de Palestine TV, le photographe d\u2019Al Jazeera, deux photojournalistes et un journaliste ind\u00e9pendant figurent parmi les morts lors de l\u2019attaque isra\u00e9lienne contre le complexe m\u00e9dical Nasser \u00e0 Khan Youn\u00e8s, selon plusieurs sources. Vingt Palestiniens, dont cinq journalistes et un pompier, ont \u00e9t\u00e9 tu\u00e9s et plusieurs autres bless\u00e9s lundi lors d\u2019une frappe isra\u00e9lienne contre &hellip;<\/p>\n","protected":false},"author":2,"featured_media":17750,"comment_status":"open","ping_status":"open","sticky":false,"template":"","format":"standard","meta":{"footnotes":""},"categories":[18,29],"tags":[],"class_list":["post-17749","post","type-post","status-publish","format-standard","has-post-thumbnail","hentry","category-actualites","category-monde"],"_links":{"self":[{"href":"https:\/\/ladepeche.mr\/index.php?rest_route=\/wp\/v2\/posts\/17749","targetHints":{"allow":["GET"]}}],"collection":[{"href":"https:\/\/ladepeche.mr\/index.php?rest_route=\/wp\/v2\/posts"}],"about":[{"href":"https:\/\/ladepeche.mr\/index.php?rest_route=\/wp\/v2\/types\/post"}],"author":[{"embeddable":true,"href":"https:\/\/ladepeche.mr\/index.php?rest_route=\/wp\/v2\/users\/2"}],"replies":[{"embeddable":true,"href":"https:\/\/ladepeche.mr\/index.php?rest_route=%2Fwp%2Fv2%2Fcomments&post=17749"}],"version-history":[{"count":1,"href":"https:\/\/ladepeche.mr\/index.php?rest_route=\/wp\/v2\/posts\/17749\/revisions"}],"predecessor-version":[{"id":17751,"href":"https:\/\/ladepeche.mr\/index.php?rest_route=\/wp\/v2\/posts\/17749\/revisions\/17751"}],"wp:featuredmedia":[{"embeddable":true,"href":"https:\/\/ladepeche.mr\/index.php?rest_route=\/wp\/v2\/media\/17750"}],"wp:attachment":[{"href":"https:\/\/ladepeche.mr\/index.php?rest_route=%2Fwp%2Fv2%2Fmedia&parent=17749"}],"wp:term":[{"taxonomy":"category","embeddable":true,"href":"https:\/\/ladepeche.mr\/index.php?rest_route=%2Fwp%2Fv2%2Fcategories&post=17749"},{"taxonomy":"post_tag","embeddable":true,"href":"https:\/\/ladepeche.mr\/index.php?rest_route=%2Fwp%2Fv2%2Ftags&post=17749"}],"curies":[{"name":"wp","href":"https:\/\/api.w.org\/{rel}","templated":true}]}}