{"id":17752,"date":"2025-08-25T17:53:00","date_gmt":"2025-08-25T17:53:00","guid":{"rendered":"https:\/\/ladepeche.mr\/?p=17752"},"modified":"2025-08-25T17:53:00","modified_gmt":"2025-08-25T17:53:00","slug":"gouvernement-fin-de-vacances-pour-les-ministres","status":"publish","type":"post","link":"https:\/\/ladepeche.mr\/?p=17752","title":{"rendered":"Gouvernement: fin de vacances pour les ministres"},"content":{"rendered":"<p>Tous les membres du gouvernement devraient reprendre service mercredi 27 ao\u00fbt 2025 annonce le bureau de presse de la pr\u00e9sidence.<br \/>\nCette reprise des activit\u00e9s correspond \u00e0 la fin des vacances pour la derni\u00e8re vague des ministres partis en vill\u00e9giature dans leurs fiefs respectifs.<br \/>\nCertains d\u2019entre eux en ont profit\u00e9 pour organiser des carnavals pour mettre en exergue leurs contributions \u00e0 l\u2019appel pr\u00e9sidentiel visant \u00e0 promouvoir le tourisme local.<br \/>\nLa rumeur va bon train quant \u00e0 un remaniement minist\u00e9riel \u00e0 l\u2019issue de ces vacances.<br \/>\nA noter enfin que la rentr\u00e9e gouvernementale pourrait \u00eatre suivie d\u2019un conseil des ministres.<\/p>\n","protected":false},"excerpt":{"rendered":"<p>Tous les membres du gouvernement devraient reprendre service mercredi 27 ao\u00fbt 2025 annonce le bureau de presse de la pr\u00e9sidence. Cette reprise des activit\u00e9s correspond \u00e0 la fin des vacances pour la derni\u00e8re vague des ministres partis en vill\u00e9giature dans leurs fiefs respectifs. Certains d\u2019entre eux en ont profit\u00e9 pour organiser des carnavals pour mettre &hellip;<\/p>\n","protected":false},"author":2,"featured_media":15866,"comment_status":"open","ping_status":"open","sticky":false,"template":"","format":"standard","meta":{"footnotes":""},"categories":[18,31],"tags":[],"class_list":["post-17752","post","type-post","status-publish","format-standard","has-post-thumbnail","hentry","category-actualites","category-politique-et-reportages"],"_links":{"self":[{"href":"https:\/\/ladepeche.mr\/index.php?rest_route=\/wp\/v2\/posts\/17752","targetHints":{"allow":["GET"]}}],"collection":[{"href":"https:\/\/ladepeche.mr\/index.php?rest_route=\/wp\/v2\/posts"}],"about":[{"href":"https:\/\/ladepeche.mr\/index.php?rest_route=\/wp\/v2\/types\/post"}],"author":[{"embeddable":true,"href":"https:\/\/ladepeche.mr\/index.php?rest_route=\/wp\/v2\/users\/2"}],"replies":[{"embeddable":true,"href":"https:\/\/ladepeche.mr\/index.php?rest_route=%2Fwp%2Fv2%2Fcomments&post=17752"}],"version-history":[{"count":1,"href":"https:\/\/ladepeche.mr\/index.php?rest_route=\/wp\/v2\/posts\/17752\/revisions"}],"predecessor-version":[{"id":17753,"href":"https:\/\/ladepeche.mr\/index.php?rest_route=\/wp\/v2\/posts\/17752\/revisions\/17753"}],"wp:featuredmedia":[{"embeddable":true,"href":"https:\/\/ladepeche.mr\/index.php?rest_route=\/wp\/v2\/media\/15866"}],"wp:attachment":[{"href":"https:\/\/ladepeche.mr\/index.php?rest_route=%2Fwp%2Fv2%2Fmedia&parent=17752"}],"wp:term":[{"taxonomy":"category","embeddable":true,"href":"https:\/\/ladepeche.mr\/index.php?rest_route=%2Fwp%2Fv2%2Fcategories&post=17752"},{"taxonomy":"post_tag","embeddable":true,"href":"https:\/\/ladepeche.mr\/index.php?rest_route=%2Fwp%2Fv2%2Ftags&post=17752"}],"curies":[{"name":"wp","href":"https:\/\/api.w.org\/{rel}","templated":true}]}}