{"id":17754,"date":"2025-08-25T22:50:11","date_gmt":"2025-08-25T22:50:11","guid":{"rendered":"https:\/\/ladepeche.mr\/?p=17754"},"modified":"2025-08-25T22:50:11","modified_gmt":"2025-08-25T22:50:11","slug":"accusations-dacheminement-darmes-le-gouvernement-dement-et-rappelle-la-position-constante-du-pays","status":"publish","type":"post","link":"https:\/\/ladepeche.mr\/?p=17754","title":{"rendered":"Accusations d&#8217;acheminement d&#8217;armes:  Le gouvernement d\u00e9ment et rappelle la position constante du pays"},"content":{"rendered":"<p>Le gouvernement mauritanien a fermement rejet\u00e9 les r\u00e9centes accusations relay\u00e9es par certains m\u00e9dias \u00e9trangers, selon lesquelles la Mauritanie servirait de point de transit pour des armes en provenance d\u2019Ukraine \u00e0 destination de groupes arm\u00e9s op\u00e9rant au Sahel. Aucune preuve concr\u00e8te ne vient appuyer ces all\u00e9gations, estime Nouakchott, qui appelle \u00e0 une clarification.<\/p>\n<p>Depuis plus de dix ans, la Mauritanie s\u2019appuie sur une strat\u00e9gie de lutte contre l\u2019extr\u00e9misme violent, cit\u00e9e en exemple dans la r\u00e9gion. Le pays affirme que sa s\u00e9curit\u00e9 int\u00e9rieure est indissociable de celle de ses voisins, une approche guid\u00e9e par un double principe de solidarit\u00e9 r\u00e9gionale et de r\u00e9alisme strat\u00e9gique.<\/p>\n<p>Sur le plan diplomatique, Nouakchott rappelle son attachement au multilat\u00e9ralisme, au respect de la Charte des Nations unies et au r\u00e8glement pacifique des diff\u00e9rends. Concernant la guerre en Ukraine, la Mauritanie a soutenu la r\u00e9solution condamnant l\u2019atteinte \u00e0 la souverainet\u00e9 de ce pays, tout en s\u2019opposant \u00e0 l\u2019exclusion de la Russie du Conseil des droits de l\u2019homme, mettant en avant une position de principe.<\/p>\n<p>Les autorit\u00e9s mauritaniennes insistent sur leur refus de s\u2019impliquer dans les rivalit\u00e9s g\u00e9opolitiques et r\u00e9affirment la constance de leur politique \u00e9trang\u00e8re. \u201cNous agissons dans la discr\u00e9tion, selon des convictions claires, et dans un souci de stabilit\u00e9 r\u00e9gionale\u201d, indique une source gouvernementale.<\/p>\n<p>Dans ses relations avec ses partenaires sah\u00e9liens, notamment le Mali, la Mauritanie dit privil\u00e9gier le dialogue et la coop\u00e9ration, convaincue que toute instabilit\u00e9 r\u00e9gionale a des r\u00e9percussions transfrontali\u00e8res.<br \/>\n(Avec Ami)<\/p>\n","protected":false},"excerpt":{"rendered":"<p>Le gouvernement mauritanien a fermement rejet\u00e9 les r\u00e9centes accusations relay\u00e9es par certains m\u00e9dias \u00e9trangers, selon lesquelles la Mauritanie servirait de point de transit pour des armes en provenance d\u2019Ukraine \u00e0 destination de groupes arm\u00e9s op\u00e9rant au Sahel. Aucune preuve concr\u00e8te ne vient appuyer ces all\u00e9gations, estime Nouakchott, qui appelle \u00e0 une clarification. Depuis plus de &hellip;<\/p>\n","protected":false},"author":2,"featured_media":17755,"comment_status":"open","ping_status":"open","sticky":false,"template":"","format":"standard","meta":{"footnotes":""},"categories":[18,29],"tags":[],"class_list":["post-17754","post","type-post","status-publish","format-standard","has-post-thumbnail","hentry","category-actualites","category-monde"],"_links":{"self":[{"href":"https:\/\/ladepeche.mr\/index.php?rest_route=\/wp\/v2\/posts\/17754","targetHints":{"allow":["GET"]}}],"collection":[{"href":"https:\/\/ladepeche.mr\/index.php?rest_route=\/wp\/v2\/posts"}],"about":[{"href":"https:\/\/ladepeche.mr\/index.php?rest_route=\/wp\/v2\/types\/post"}],"author":[{"embeddable":true,"href":"https:\/\/ladepeche.mr\/index.php?rest_route=\/wp\/v2\/users\/2"}],"replies":[{"embeddable":true,"href":"https:\/\/ladepeche.mr\/index.php?rest_route=%2Fwp%2Fv2%2Fcomments&post=17754"}],"version-history":[{"count":1,"href":"https:\/\/ladepeche.mr\/index.php?rest_route=\/wp\/v2\/posts\/17754\/revisions"}],"predecessor-version":[{"id":17756,"href":"https:\/\/ladepeche.mr\/index.php?rest_route=\/wp\/v2\/posts\/17754\/revisions\/17756"}],"wp:featuredmedia":[{"embeddable":true,"href":"https:\/\/ladepeche.mr\/index.php?rest_route=\/wp\/v2\/media\/17755"}],"wp:attachment":[{"href":"https:\/\/ladepeche.mr\/index.php?rest_route=%2Fwp%2Fv2%2Fmedia&parent=17754"}],"wp:term":[{"taxonomy":"category","embeddable":true,"href":"https:\/\/ladepeche.mr\/index.php?rest_route=%2Fwp%2Fv2%2Fcategories&post=17754"},{"taxonomy":"post_tag","embeddable":true,"href":"https:\/\/ladepeche.mr\/index.php?rest_route=%2Fwp%2Fv2%2Ftags&post=17754"}],"curies":[{"name":"wp","href":"https:\/\/api.w.org\/{rel}","templated":true}]}}