{"id":17760,"date":"2025-08-26T14:29:39","date_gmt":"2025-08-26T14:29:39","guid":{"rendered":"https:\/\/ladepeche.mr\/?p=17760"},"modified":"2025-08-26T14:29:39","modified_gmt":"2025-08-26T14:29:39","slug":"liberation-sous-caution-de-lactiviste-ali-ould-bacar","status":"publish","type":"post","link":"https:\/\/ladepeche.mr\/?p=17760","title":{"rendered":"Lib\u00e9ration sous caution de l&#8217;activiste Ali Ould Bacar"},"content":{"rendered":"<p>La chambre d&#8217;accusation du tribunal de Nouadhibou a lib\u00e9r\u00e9, mardi, l\u2019activiste \u00e9cologiste Ali Ould Bacar, sous caution de 4 millions d\u2019anciennes ouguiyas.<br \/>\nAli Ould Bacar avait \u00e9t\u00e9 arr\u00eat\u00e9, en juillet, suite \u00e0 des publications critiquant certaines pratiques de p\u00eache.<br \/>\nDes accusations dont il sera poursuivi par le gouvernement pour \u00ab fausses \u00bb informations et diffamation contre le corps de surveillance maritime.<br \/>\nApr\u00e8s plusieurs appels de ses proches et des manifestations en sa faveur dans notre capitale r\u00e9gionale, le cas de Ali Ould Bacar avait \u00e9t\u00e9 \u00e9galement r\u00e9cup\u00e9r\u00e9 par les activistes politiques.<\/p>\n","protected":false},"excerpt":{"rendered":"<p>La chambre d&#8217;accusation du tribunal de Nouadhibou a lib\u00e9r\u00e9, mardi, l\u2019activiste \u00e9cologiste Ali Ould Bacar, sous caution de 4 millions d\u2019anciennes ouguiyas. Ali Ould Bacar avait \u00e9t\u00e9 arr\u00eat\u00e9, en juillet, suite \u00e0 des publications critiquant certaines pratiques de p\u00eache. Des accusations dont il sera poursuivi par le gouvernement pour \u00ab fausses \u00bb informations et diffamation &hellip;<\/p>\n","protected":false},"author":2,"featured_media":17128,"comment_status":"open","ping_status":"open","sticky":false,"template":"","format":"standard","meta":{"footnotes":""},"categories":[18],"tags":[],"class_list":["post-17760","post","type-post","status-publish","format-standard","has-post-thumbnail","hentry","category-actualites"],"_links":{"self":[{"href":"https:\/\/ladepeche.mr\/index.php?rest_route=\/wp\/v2\/posts\/17760","targetHints":{"allow":["GET"]}}],"collection":[{"href":"https:\/\/ladepeche.mr\/index.php?rest_route=\/wp\/v2\/posts"}],"about":[{"href":"https:\/\/ladepeche.mr\/index.php?rest_route=\/wp\/v2\/types\/post"}],"author":[{"embeddable":true,"href":"https:\/\/ladepeche.mr\/index.php?rest_route=\/wp\/v2\/users\/2"}],"replies":[{"embeddable":true,"href":"https:\/\/ladepeche.mr\/index.php?rest_route=%2Fwp%2Fv2%2Fcomments&post=17760"}],"version-history":[{"count":1,"href":"https:\/\/ladepeche.mr\/index.php?rest_route=\/wp\/v2\/posts\/17760\/revisions"}],"predecessor-version":[{"id":17761,"href":"https:\/\/ladepeche.mr\/index.php?rest_route=\/wp\/v2\/posts\/17760\/revisions\/17761"}],"wp:featuredmedia":[{"embeddable":true,"href":"https:\/\/ladepeche.mr\/index.php?rest_route=\/wp\/v2\/media\/17128"}],"wp:attachment":[{"href":"https:\/\/ladepeche.mr\/index.php?rest_route=%2Fwp%2Fv2%2Fmedia&parent=17760"}],"wp:term":[{"taxonomy":"category","embeddable":true,"href":"https:\/\/ladepeche.mr\/index.php?rest_route=%2Fwp%2Fv2%2Fcategories&post=17760"},{"taxonomy":"post_tag","embeddable":true,"href":"https:\/\/ladepeche.mr\/index.php?rest_route=%2Fwp%2Fv2%2Ftags&post=17760"}],"curies":[{"name":"wp","href":"https:\/\/api.w.org\/{rel}","templated":true}]}}