{"id":17762,"date":"2025-08-26T16:32:32","date_gmt":"2025-08-26T16:32:32","guid":{"rendered":"https:\/\/ladepeche.mr\/?p=17762"},"modified":"2025-08-26T16:33:13","modified_gmt":"2025-08-26T16:33:13","slug":"soria-un-avion-des-forces-armees-se-pose-en-urgence-sur-le-tarmac-de-laerodrome-de-soria","status":"publish","type":"post","link":"https:\/\/ladepeche.mr\/?p=17762","title":{"rendered":"Espagne: Un avion des forces arm\u00e9es nationales se pose en urgence sur le tarmac de l&#8217;a\u00e9rodrome de Soria"},"content":{"rendered":"<p>Un avion des forces a\u00e9riennes mauritaniennes a proc\u00e9d\u00e9, il y a quelques jours, \u00e0 un atterrissage forc\u00e9 sur l\u2019a\u00e9rodrome, ATI A\u00e9rodrome Technologique et Industriel, de Soria, en Espagne o\u00f9 l\u2019avion lui-m\u00eame a \u00e9t\u00e9 construit.<br \/>\nSelon des sources inform\u00e9es, l\u2019avion de l\u2019arm\u00e9e de l\u2019air mauritanienne, un CASA\/IPTN CN-235, avion \u00e0 turbopropulseur, se rendait en Espagne pour r\u00e9vision.<br \/>\nIl aurait atterri en urgence dans le petit a\u00e9rodrome en raison d\u2019une alerte technique. L\u2019avion serait fabriqu\u00e9 pour le transport et la surveillance des fronti\u00e8res. L\u2019avion serait aussi impliqu\u00e9 dans la surveillance des flux migratoires ill\u00e9gaux via la Mauritanie en direction de l&#8217;Espagne \u00e0 travers l\u2019Oc\u00e9an Atlantique.<\/p>\n","protected":false},"excerpt":{"rendered":"<p>Un avion des forces a\u00e9riennes mauritaniennes a proc\u00e9d\u00e9, il y a quelques jours, \u00e0 un atterrissage forc\u00e9 sur l\u2019a\u00e9rodrome, ATI A\u00e9rodrome Technologique et Industriel, de Soria, en Espagne o\u00f9 l\u2019avion lui-m\u00eame a \u00e9t\u00e9 construit. Selon des sources inform\u00e9es, l\u2019avion de l\u2019arm\u00e9e de l\u2019air mauritanienne, un CASA\/IPTN CN-235, avion \u00e0 turbopropulseur, se rendait en Espagne pour &hellip;<\/p>\n","protected":false},"author":2,"featured_media":17763,"comment_status":"open","ping_status":"open","sticky":false,"template":"","format":"standard","meta":{"footnotes":""},"categories":[18],"tags":[],"class_list":["post-17762","post","type-post","status-publish","format-standard","has-post-thumbnail","hentry","category-actualites"],"_links":{"self":[{"href":"https:\/\/ladepeche.mr\/index.php?rest_route=\/wp\/v2\/posts\/17762","targetHints":{"allow":["GET"]}}],"collection":[{"href":"https:\/\/ladepeche.mr\/index.php?rest_route=\/wp\/v2\/posts"}],"about":[{"href":"https:\/\/ladepeche.mr\/index.php?rest_route=\/wp\/v2\/types\/post"}],"author":[{"embeddable":true,"href":"https:\/\/ladepeche.mr\/index.php?rest_route=\/wp\/v2\/users\/2"}],"replies":[{"embeddable":true,"href":"https:\/\/ladepeche.mr\/index.php?rest_route=%2Fwp%2Fv2%2Fcomments&post=17762"}],"version-history":[{"count":2,"href":"https:\/\/ladepeche.mr\/index.php?rest_route=\/wp\/v2\/posts\/17762\/revisions"}],"predecessor-version":[{"id":17765,"href":"https:\/\/ladepeche.mr\/index.php?rest_route=\/wp\/v2\/posts\/17762\/revisions\/17765"}],"wp:featuredmedia":[{"embeddable":true,"href":"https:\/\/ladepeche.mr\/index.php?rest_route=\/wp\/v2\/media\/17763"}],"wp:attachment":[{"href":"https:\/\/ladepeche.mr\/index.php?rest_route=%2Fwp%2Fv2%2Fmedia&parent=17762"}],"wp:term":[{"taxonomy":"category","embeddable":true,"href":"https:\/\/ladepeche.mr\/index.php?rest_route=%2Fwp%2Fv2%2Fcategories&post=17762"},{"taxonomy":"post_tag","embeddable":true,"href":"https:\/\/ladepeche.mr\/index.php?rest_route=%2Fwp%2Fv2%2Ftags&post=17762"}],"curies":[{"name":"wp","href":"https:\/\/api.w.org\/{rel}","templated":true}]}}