{"id":17769,"date":"2025-08-27T00:28:02","date_gmt":"2025-08-27T00:28:02","guid":{"rendered":"https:\/\/ladepeche.mr\/?p=17769"},"modified":"2025-08-27T00:28:02","modified_gmt":"2025-08-27T00:28:02","slug":"antisemitisme-macron-repond-a-netanyahu-et-denonce-une-fuite-en-avant-meurtriere-a-gaza","status":"publish","type":"post","link":"https:\/\/ladepeche.mr\/?p=17769","title":{"rendered":"Antis\u00e9mitisme : Macron r\u00e9pond \u00e0 Netanyahu et d\u00e9nonce une &#8220;fuite en avant meurtri\u00e8re&#8221; \u00e0 Gaza"},"content":{"rendered":"<p>Le Pr\u00e9sident fran\u00e7ais rejette les accusations d\u2019inaction face \u00e0 l&#8217;antis\u00e9mitisme et appelle \u00e0 une paix durable au Proche-Orient.<br \/>\nLe chef d&#8217;\u00c9tat fran\u00e7ais Emmanuel Macron a d\u00e9nonc\u00e9 mardi 26 ao\u00fbt les accusations d\u2019inaction formul\u00e9es par le premier ministre isra\u00e9lien Benyamin Netanyahu en mati\u00e8re de lutte contre l\u2019antis\u00e9mitisme, les qualifiant d\u2019&#8221;offensantes&#8221; pour la France &#8220;toute enti\u00e8re&#8221;.<\/p>\n<p>Par voie d\u2019une lettre rendue publique par Le Monde, le chef de l\u2019\u00c9tat fran\u00e7ais a estim\u00e9 que ces attaques du premier ministre isra\u00e9lien &#8220;ne sauraient \u00eatre un sujet d&#8217;instrumentalisation&#8221;. Benyamin Netanyahu avait affirm\u00e9, dans un courrier dat\u00e9 du 17 ao\u00fbt, que l\u2019intention d\u2019Emmanuel Macron de reconna\u00eetre l\u2019\u00c9tat palestinien &#8220;alimentait le feu antis\u00e9mite&#8221; et t\u00e9moignait d\u2019un &#8220;manque d\u2019actions d\u00e9cisives&#8221; contre ce fl\u00e9au.<\/p>\n<p>&#8220;Ces accusations d&#8217;inaction face \u00e0 un fl\u00e9au que nous combattons de toutes nos forces sont inacceptables et offensent la France toute enti\u00e8re&#8221;, a r\u00e9pondu Emmanuel Macron, r\u00e9affirmant qu\u2019il demeurait &#8220;garant de l&#8217;imp\u00e9rieuse n\u00e9cessit\u00e9 de combattre cette abomination, partout et toujours&#8221;. Le pr\u00e9sident a \u00e9galement rappel\u00e9 que l\u2019antis\u00e9mitisme fran\u00e7ais &#8220;vient de loin&#8221;, historiquement nourri par l\u2019extr\u00eame droite et aujourd\u2019hui &#8220;aussi aliment\u00e9 par l\u2019extr\u00eame gauche qui essentialise la communaut\u00e9 juive&#8221;.<\/p>\n<p>Le chef de l\u2019\u00c9tat a par ailleurs saisi cette r\u00e9ponse pour exhorter le premier ministre isra\u00e9lien \u00e0 sortir de ce qu\u2019il a qualifi\u00e9 de &#8220;fuite en avant meurtri\u00e8re et ill\u00e9gale d&#8217;une guerre permanente \u00e0 Gaza&#8221;. Il a d\u00e9nonc\u00e9 &#8220;l\u2019ill\u00e9gale et injustifiable recolonisation de la Cisjordanie&#8221; et invit\u00e9 Isra\u00ebl \u00e0 saisir la &#8220;main tendue&#8221; de ses partenaires internationaux pour b\u00e2tir &#8220;un avenir de paix, de s\u00e9curit\u00e9 et de prosp\u00e9rit\u00e9&#8221;.<\/p>\n<p>Emmanuel Macron a d\u00e9fendu sa d\u00e9marche en faveur de la reconnaissance d\u2019un \u00c9tat palestinien, qu\u2019il pr\u00e9sente comme la seule voie cr\u00e9dible pour &#8220;\u00e9radiquer r\u00e9ellement le Hamas&#8221; et offrir \u00e0 la jeunesse isra\u00e9lienne une perspective autre qu\u2019une &#8220;guerre permanente, d\u00e9vastatrice pour les Palestiniens de Gaza mais \u00e9galement pour Isra\u00ebl et la r\u00e9gion toute enti\u00e8re&#8221;.<\/p>\n<p>Selon les autorit\u00e9s sanitaires de Gaza, plus de 63.000 Palestiniens ont \u00e9t\u00e9 tu\u00e9s par les forces isra\u00e9liennes depuis le d\u00e9but du conflit en octobre 2023, dont la majorit\u00e9 sont des enfants et des femmes, tandis que des centaines de civils ont \u00e9t\u00e9 abattus dans des zones de distribution d\u2019aide humanitaire ces derniers mois. Ces \u00e9v\u00e9nements interviennent dans un contexte humanitaire dramatique \u00e0 Gaza, au moment o\u00f9 retentissent les appels internationaux pour un cessez-le-feu et une intensification du flot d\u2019aide.<\/p>\n<p>Le Secr\u00e9taire g\u00e9n\u00e9ral de l&#8217;Organisation des Nations Unies, Antonio Guterres, a d\u00e9clar\u00e9 le mois dernier que Gaza est confront\u00e9e \u00e0 \u00ab une mort et une destruction sans pr\u00e9c\u00e9dent \u00bb, que \u00ab la malnutrition est en forte hausse \u00bb alors que le syst\u00e8me d&#8217;aide est sur le point de s&#8217;effondrer.<\/p>\n<p>La Cour internationale de Justice (CIJ) a ordonn\u00e9 \u00e0 Isra\u00ebl d\u00e8s janvier 2024 de pr\u00e9venir tout acte de g\u00e9nocide et de permettre l\u2019acc\u00e8s \u00e0 l\u2019aide humanitaire. La Cour p\u00e9nale internationale (CPI) a confirm\u00e9, en juillet, les mandats d\u2019arr\u00eat contre Benyamin Netanyahu et Yoav Gallant, les accusant de crimes de guerre, notamment d\u2019avoir utilis\u00e9 la famine comme m\u00e9thode de guerre.<br \/>\naa.com.tr<\/p>\n","protected":false},"excerpt":{"rendered":"<p>Le Pr\u00e9sident fran\u00e7ais rejette les accusations d\u2019inaction face \u00e0 l&#8217;antis\u00e9mitisme et appelle \u00e0 une paix durable au Proche-Orient. Le chef d&#8217;\u00c9tat fran\u00e7ais Emmanuel Macron a d\u00e9nonc\u00e9 mardi 26 ao\u00fbt les accusations d\u2019inaction formul\u00e9es par le premier ministre isra\u00e9lien Benyamin Netanyahu en mati\u00e8re de lutte contre l\u2019antis\u00e9mitisme, les qualifiant d\u2019&#8221;offensantes&#8221; pour la France &#8220;toute enti\u00e8re&#8221;. Par &hellip;<\/p>\n","protected":false},"author":2,"featured_media":17770,"comment_status":"open","ping_status":"open","sticky":false,"template":"","format":"standard","meta":{"footnotes":""},"categories":[18,29],"tags":[],"class_list":["post-17769","post","type-post","status-publish","format-standard","has-post-thumbnail","hentry","category-actualites","category-monde"],"_links":{"self":[{"href":"https:\/\/ladepeche.mr\/index.php?rest_route=\/wp\/v2\/posts\/17769","targetHints":{"allow":["GET"]}}],"collection":[{"href":"https:\/\/ladepeche.mr\/index.php?rest_route=\/wp\/v2\/posts"}],"about":[{"href":"https:\/\/ladepeche.mr\/index.php?rest_route=\/wp\/v2\/types\/post"}],"author":[{"embeddable":true,"href":"https:\/\/ladepeche.mr\/index.php?rest_route=\/wp\/v2\/users\/2"}],"replies":[{"embeddable":true,"href":"https:\/\/ladepeche.mr\/index.php?rest_route=%2Fwp%2Fv2%2Fcomments&post=17769"}],"version-history":[{"count":1,"href":"https:\/\/ladepeche.mr\/index.php?rest_route=\/wp\/v2\/posts\/17769\/revisions"}],"predecessor-version":[{"id":17771,"href":"https:\/\/ladepeche.mr\/index.php?rest_route=\/wp\/v2\/posts\/17769\/revisions\/17771"}],"wp:featuredmedia":[{"embeddable":true,"href":"https:\/\/ladepeche.mr\/index.php?rest_route=\/wp\/v2\/media\/17770"}],"wp:attachment":[{"href":"https:\/\/ladepeche.mr\/index.php?rest_route=%2Fwp%2Fv2%2Fmedia&parent=17769"}],"wp:term":[{"taxonomy":"category","embeddable":true,"href":"https:\/\/ladepeche.mr\/index.php?rest_route=%2Fwp%2Fv2%2Fcategories&post=17769"},{"taxonomy":"post_tag","embeddable":true,"href":"https:\/\/ladepeche.mr\/index.php?rest_route=%2Fwp%2Fv2%2Ftags&post=17769"}],"curies":[{"name":"wp","href":"https:\/\/api.w.org\/{rel}","templated":true}]}}