{"id":1777,"date":"2022-09-05T21:58:02","date_gmt":"2022-09-05T21:58:02","guid":{"rendered":"https:\/\/ladepeche.mr\/?p=1777"},"modified":"2022-09-05T21:58:02","modified_gmt":"2022-09-05T21:58:02","slug":"lancement-des-activites-de-la-premiere-edition-de-la-saison-culturelle-de-lassociation-islah","status":"publish","type":"post","link":"https:\/\/ladepeche.mr\/?p=1777","title":{"rendered":"Lancement des activit\u00e9s de la premi\u00e8re \u00e9dition de la saison culturelle de l\u2019association Islah"},"content":{"rendered":"<p>Les activit\u00e9s de la premi\u00e8re \u00e9dition de la saison culturelle de l\u2019Association Islah pour la culture et le d\u00e9veloppement ont d\u00e9marr\u00e9 samedi soir \u00e0 Hsey El Mahsar relevant de la commune de Medredra.<\/p>\n<p>Le conseiller du wali du Trarza charg\u00e9 des affaires administratives et juridiques, M. Cheikh Ould Mohamed Abdallahi, qui a supervis\u00e9 le lancement des activit\u00e9s de cette premi\u00e8re \u00e9dition de la saison culturelle, a soulign\u00e9 que la moughataa de Mederdra est une capitale du savoir, de la culture et de la po\u00e9sie et rev\u00eat un cachet particulier au niveau r\u00e9gional et national.<\/p>\n<p>Il a ajout\u00e9 que les journ\u00e9es consacr\u00e9es \u00e0 la manifestation vont contribuer \u00e0 l\u2019animation de l\u2019espace culturel local et \u00e0 l\u2019ancrage de l\u2019esprit cr\u00e9atif et intellectuel, appelant tout le monde \u00e0 profiter des expos\u00e9s et des programmes culturels, artistiques et ludiques.<\/p>\n<p>Il a soulign\u00e9 que les pouvoirs publics attachent une grande importance au soutien de la culture en tant qu\u2019\u00e9l\u00e9ment indispensable pour parvenir \u00e0 un d\u00e9veloppement durable.<\/p>\n<p>De son c\u00f4t\u00e9, le pr\u00e9sident du conseil r\u00e9gional de la r\u00e9gion du Trarza, M. Mohamed Ould Brahim Ould Seyid, a salu\u00e9 l\u2019organisation de cette activit\u00e9, appelant tous les habitants de la moughataa \u00e0 se tourner vers la culture pluviale conforment au r\u00e9cent appel lanc\u00e9 par Son Excellence le Pr\u00e9sident de la R\u00e9publique, M. Mohamed Ould Cheikh El Ghazouani.<\/p>\n<p>Quant au pr\u00e9sident de l\u2019Association El Islah pour la culture et le d\u00e9veloppement, M. Deksaad Ould Ndjak, a indiqu\u00e9 que cette activit\u00e9 intervient apr\u00e8s une la longue l\u00e9thargie culturelle v\u00e9cue par le village Hsey El Mahsar.<\/p>\n<p>Le lancement des activit\u00e9s de cette manifestation culturelle s\u2019est d\u00e9roul\u00e9 en pr\u00e9sence du hakem mou\u00e7aid de la moughataa de Mederdra, Mme Faiza Mint Maainina Ould Nana, du maire de la commune et des autorit\u00e9s s\u00e9curitaires.<\/p>\n<p>ami.mr<\/p>\n","protected":false},"excerpt":{"rendered":"<p>Les activit\u00e9s de la premi\u00e8re \u00e9dition de la saison culturelle de l\u2019Association Islah pour la culture et le d\u00e9veloppement ont d\u00e9marr\u00e9 samedi soir \u00e0 Hsey El Mahsar relevant de la commune de Medredra. Le conseiller du wali du Trarza charg\u00e9 des affaires administratives et juridiques, M. Cheikh Ould Mohamed Abdallahi, qui a supervis\u00e9 le lancement &hellip;<\/p>\n","protected":false},"author":2,"featured_media":1778,"comment_status":"open","ping_status":"open","sticky":false,"template":"","format":"standard","meta":{"footnotes":""},"categories":[15],"tags":[],"class_list":["post-1777","post","type-post","status-publish","format-standard","has-post-thumbnail","hentry","category-culture"],"_links":{"self":[{"href":"https:\/\/ladepeche.mr\/index.php?rest_route=\/wp\/v2\/posts\/1777","targetHints":{"allow":["GET"]}}],"collection":[{"href":"https:\/\/ladepeche.mr\/index.php?rest_route=\/wp\/v2\/posts"}],"about":[{"href":"https:\/\/ladepeche.mr\/index.php?rest_route=\/wp\/v2\/types\/post"}],"author":[{"embeddable":true,"href":"https:\/\/ladepeche.mr\/index.php?rest_route=\/wp\/v2\/users\/2"}],"replies":[{"embeddable":true,"href":"https:\/\/ladepeche.mr\/index.php?rest_route=%2Fwp%2Fv2%2Fcomments&post=1777"}],"version-history":[{"count":1,"href":"https:\/\/ladepeche.mr\/index.php?rest_route=\/wp\/v2\/posts\/1777\/revisions"}],"predecessor-version":[{"id":1779,"href":"https:\/\/ladepeche.mr\/index.php?rest_route=\/wp\/v2\/posts\/1777\/revisions\/1779"}],"wp:featuredmedia":[{"embeddable":true,"href":"https:\/\/ladepeche.mr\/index.php?rest_route=\/wp\/v2\/media\/1778"}],"wp:attachment":[{"href":"https:\/\/ladepeche.mr\/index.php?rest_route=%2Fwp%2Fv2%2Fmedia&parent=1777"}],"wp:term":[{"taxonomy":"category","embeddable":true,"href":"https:\/\/ladepeche.mr\/index.php?rest_route=%2Fwp%2Fv2%2Fcategories&post=1777"},{"taxonomy":"post_tag","embeddable":true,"href":"https:\/\/ladepeche.mr\/index.php?rest_route=%2Fwp%2Fv2%2Ftags&post=1777"}],"curies":[{"name":"wp","href":"https:\/\/api.w.org\/{rel}","templated":true}]}}