{"id":17775,"date":"2025-08-27T12:00:15","date_gmt":"2025-08-27T12:00:15","guid":{"rendered":"https:\/\/ladepeche.mr\/?p=17775"},"modified":"2025-08-27T12:00:15","modified_gmt":"2025-08-27T12:00:15","slug":"justice-ali-ould-bacar-deboute-la-chambre-daccusation","status":"publish","type":"post","link":"https:\/\/ladepeche.mr\/?p=17775","title":{"rendered":"Justice : Ali Ould bacar \u00abd\u00e9boute \u00bb la chambre d\u2019accusation"},"content":{"rendered":"<p>Coup de th\u00e9\u00e2tre au tribunal de Nouadhibou o\u00f9 apr\u00e8s la d\u00e9cision de la chambre d\u2019accusation de le relaxer contre une caution financi\u00e8re, le d\u00e9tenu Ali Ould Bacar rejette la proposition et demande \u00e0 ses avocats de l\u2019attaquer.<br \/>\nHier, mardi dans la matin\u00e9e, la chambre d\u2019accusation du tribunal de Nouadhibou avait d\u00e9cid\u00e9 de la lib\u00e9ration sous caution de 4 millions d\u2019ouguiyas l\u2019activiste \u00e9cologiste Ali Ould Bacar.<\/p>\n<p>Ali Ould Bacar avait \u00e9t\u00e9 arr\u00eat\u00e9, en juillet, suite \u00e0 des publications critiquant certaines pratiques de p\u00eache en haute mer. Des publications consid\u00e9r\u00e9es par les autorit\u00e9s concern\u00e9es d\u2019all\u00e9gations et \u00abfausses \u00bb informations citant des corps de surveillance maritime, sans \u00ab v\u00e9ritables preuves \u00bb contre eux.<br \/>\nApr\u00e8s plusieurs appels de ses proches et des manifestations visant \u00e0 le lib\u00e9rer, le cas de Ali Ould Bacar avait \u00e9t\u00e9 \u00e9galement r\u00e9cup\u00e9r\u00e9 par les partis et activistes politiques exhortant \u00e0 l\u2019\u00e9largir.<\/p>\n","protected":false},"excerpt":{"rendered":"<p>Coup de th\u00e9\u00e2tre au tribunal de Nouadhibou o\u00f9 apr\u00e8s la d\u00e9cision de la chambre d\u2019accusation de le relaxer contre une caution financi\u00e8re, le d\u00e9tenu Ali Ould Bacar rejette la proposition et demande \u00e0 ses avocats de l\u2019attaquer. Hier, mardi dans la matin\u00e9e, la chambre d\u2019accusation du tribunal de Nouadhibou avait d\u00e9cid\u00e9 de la lib\u00e9ration sous &hellip;<\/p>\n","protected":false},"author":2,"featured_media":17776,"comment_status":"open","ping_status":"open","sticky":false,"template":"","format":"standard","meta":{"footnotes":""},"categories":[18],"tags":[],"class_list":["post-17775","post","type-post","status-publish","format-standard","has-post-thumbnail","hentry","category-actualites"],"_links":{"self":[{"href":"https:\/\/ladepeche.mr\/index.php?rest_route=\/wp\/v2\/posts\/17775","targetHints":{"allow":["GET"]}}],"collection":[{"href":"https:\/\/ladepeche.mr\/index.php?rest_route=\/wp\/v2\/posts"}],"about":[{"href":"https:\/\/ladepeche.mr\/index.php?rest_route=\/wp\/v2\/types\/post"}],"author":[{"embeddable":true,"href":"https:\/\/ladepeche.mr\/index.php?rest_route=\/wp\/v2\/users\/2"}],"replies":[{"embeddable":true,"href":"https:\/\/ladepeche.mr\/index.php?rest_route=%2Fwp%2Fv2%2Fcomments&post=17775"}],"version-history":[{"count":1,"href":"https:\/\/ladepeche.mr\/index.php?rest_route=\/wp\/v2\/posts\/17775\/revisions"}],"predecessor-version":[{"id":17777,"href":"https:\/\/ladepeche.mr\/index.php?rest_route=\/wp\/v2\/posts\/17775\/revisions\/17777"}],"wp:featuredmedia":[{"embeddable":true,"href":"https:\/\/ladepeche.mr\/index.php?rest_route=\/wp\/v2\/media\/17776"}],"wp:attachment":[{"href":"https:\/\/ladepeche.mr\/index.php?rest_route=%2Fwp%2Fv2%2Fmedia&parent=17775"}],"wp:term":[{"taxonomy":"category","embeddable":true,"href":"https:\/\/ladepeche.mr\/index.php?rest_route=%2Fwp%2Fv2%2Fcategories&post=17775"},{"taxonomy":"post_tag","embeddable":true,"href":"https:\/\/ladepeche.mr\/index.php?rest_route=%2Fwp%2Fv2%2Ftags&post=17775"}],"curies":[{"name":"wp","href":"https:\/\/api.w.org\/{rel}","templated":true}]}}