{"id":17783,"date":"2025-08-27T14:00:39","date_gmt":"2025-08-27T14:00:39","guid":{"rendered":"https:\/\/ladepeche.mr\/?p=17783"},"modified":"2025-08-27T23:27:05","modified_gmt":"2025-08-27T23:27:05","slug":"manifs-a-tel-aviv-des-milliers-disraeliens-pour-la-fin-de-la-guerre-sur-gaza-et-le-retour-des-otages","status":"publish","type":"post","link":"https:\/\/ladepeche.mr\/?p=17783","title":{"rendered":"Manifs \u00e0 Tel-Aviv : Des milliers d\u2019isra\u00e9liens pour la fin de la guerre sur Gaza et le retour des otages"},"content":{"rendered":"<p>Des milliers de manifestants isra\u00e9liens ont bloqu\u00e9 les routes principales en Israel pour protester contre la d\u00e9cision du premier Ministre, B. Netanyahou de continuer la guerre pour sauver l\u2019\u00e9quilibre de son cabinet.<br \/>\nMardi, ils \u00e9taient des centaines de milliers d\u2019Isra\u00e9liens \u00e0 occuper les places publiques des grandes villes, pour protester contre les vell\u00e9it\u00e9s de poursuite de la guerre par le gouvernement B. Netanyahou dont l\u2019\u00e9quilibre ne tient qu\u2019au soutien des extr\u00e9mistes de la droite religieuse sioniste emmen\u00e9e par Benghvir et Smotrich.<br \/>\nLa majorit\u00e9 des isra\u00e9liens d\u00e9sabus\u00e9s par une guerre de deux ans et de la d\u00e9t\u00e9rioration de l\u2019image de leur pays dans le reste du monde appelle aujourd\u2019hui \u00e0 la cessation de la guerre et la lib\u00e9ration de tous les otages encore d\u00e9tenus par le Hamas \u00e0 Gaza. Conduits par le Forum des familles des otages et des disparus qui l\u2019a d\u00e9clar\u00e9e \u00ab Journ\u00e9e nationale de lutte \u00bb, l\u2019opinion publique isra\u00e9lienne dont certains r\u00e9clament la d\u00e9mission de Netanyahou ne lui fait pas confiance, l\u2019accusant m\u00eame de pr\u00e9f\u00e9rer ses calculs policiens plut\u00f4t que sauver les rescap\u00e9s parmi les otages dont ceux qui sont morts l\u2019ont \u00e9galement \u00e9t\u00e9 par les frappes aveugles isra\u00e9liennes. Aux premi\u00e8res loges de la d\u00e9nonciation de l\u2019attitude du premier Ministre isra\u00e9lien et de son cabinet, Sharon Aloni Cunio lib\u00e9r\u00e9e et qui a appel\u00e9 \u00e0 l&#8217;action, pour couper l\u2019herbe sous les pieds des extr\u00e9mistes du gouvernement isra\u00e9lien qui tentent de perp\u00e9tuer la guerre au d\u00e9triment des populations israliennes.<\/p>\n<p>Des milliers de personnes ont d\u00e9fil\u00e9 \u00e0 Tel Aviv apr\u00e8s que Hamas a enlev\u00e9 251 personnes lors de l&#8217;attaque du 7 octobre 2023, qui a fait environ 1 200 morts. La plupart ont \u00e9t\u00e9 lib\u00e9r\u00e9es lors des cessez-le-feu pr\u00e9c\u00e9dents, mais 50 restent \u00e0 Gaza, les responsables estimant qu&#8217;environ 20 sont encore en vie. L&#8217;offensive militaire isra\u00e9lienne a tu\u00e9 62 819 personnes, selon le minist\u00e8re de la Sant\u00e9 de Gaza, qui affirme que pr\u00e8s de la moiti\u00e9 \u00e9taient des femmes et des enfants.<br \/>\nLe bilan des massacres contre les populations civiles palestiniennes est lourd : plus de 62.000 morts dont plus de la moiti\u00e9 des femmes et des enfants. Ceux qui ne seront pas morts par les frappes militaires, l&#8217;auront \u00e9t\u00e9 par la faim cr\u00e9\u00e9e par le gouvernement isra\u00e9lien.<\/p>\n","protected":false},"excerpt":{"rendered":"<p>Des milliers de manifestants isra\u00e9liens ont bloqu\u00e9 les routes principales en Israel pour protester contre la d\u00e9cision du premier Ministre, B. Netanyahou de continuer la guerre pour sauver l\u2019\u00e9quilibre de son cabinet. Mardi, ils \u00e9taient des centaines de milliers d\u2019Isra\u00e9liens \u00e0 occuper les places publiques des grandes villes, pour protester contre les vell\u00e9it\u00e9s de poursuite &hellip;<\/p>\n","protected":false},"author":2,"featured_media":17784,"comment_status":"open","ping_status":"open","sticky":false,"template":"","format":"standard","meta":{"footnotes":""},"categories":[18,29],"tags":[],"class_list":["post-17783","post","type-post","status-publish","format-standard","has-post-thumbnail","hentry","category-actualites","category-monde"],"_links":{"self":[{"href":"https:\/\/ladepeche.mr\/index.php?rest_route=\/wp\/v2\/posts\/17783","targetHints":{"allow":["GET"]}}],"collection":[{"href":"https:\/\/ladepeche.mr\/index.php?rest_route=\/wp\/v2\/posts"}],"about":[{"href":"https:\/\/ladepeche.mr\/index.php?rest_route=\/wp\/v2\/types\/post"}],"author":[{"embeddable":true,"href":"https:\/\/ladepeche.mr\/index.php?rest_route=\/wp\/v2\/users\/2"}],"replies":[{"embeddable":true,"href":"https:\/\/ladepeche.mr\/index.php?rest_route=%2Fwp%2Fv2%2Fcomments&post=17783"}],"version-history":[{"count":2,"href":"https:\/\/ladepeche.mr\/index.php?rest_route=\/wp\/v2\/posts\/17783\/revisions"}],"predecessor-version":[{"id":17797,"href":"https:\/\/ladepeche.mr\/index.php?rest_route=\/wp\/v2\/posts\/17783\/revisions\/17797"}],"wp:featuredmedia":[{"embeddable":true,"href":"https:\/\/ladepeche.mr\/index.php?rest_route=\/wp\/v2\/media\/17784"}],"wp:attachment":[{"href":"https:\/\/ladepeche.mr\/index.php?rest_route=%2Fwp%2Fv2%2Fmedia&parent=17783"}],"wp:term":[{"taxonomy":"category","embeddable":true,"href":"https:\/\/ladepeche.mr\/index.php?rest_route=%2Fwp%2Fv2%2Fcategories&post=17783"},{"taxonomy":"post_tag","embeddable":true,"href":"https:\/\/ladepeche.mr\/index.php?rest_route=%2Fwp%2Fv2%2Ftags&post=17783"}],"curies":[{"name":"wp","href":"https:\/\/api.w.org\/{rel}","templated":true}]}}