{"id":17790,"date":"2025-08-27T21:44:48","date_gmt":"2025-08-27T21:44:48","guid":{"rendered":"https:\/\/ladepeche.mr\/?p=17790"},"modified":"2025-08-27T21:45:22","modified_gmt":"2025-08-27T21:45:22","slug":"forum-daffaires-afrique-singapour-delegation-mauritanienne-met-en-avant-son-potentiel-economique","status":"publish","type":"post","link":"https:\/\/ladepeche.mr\/?p=17790","title":{"rendered":"Forum d&#8217;affaires Afrique-Singapour: la d\u00e9l\u00e9gation mauritanienne met en avant son potentiel \u00e9conomique"},"content":{"rendered":"<p>La Mauritanie a pr\u00e9sent\u00e9 ses principales opportunit\u00e9s d\u2019investissement lors du Forum d\u2019affaires Afrique-Singapour 2025, qui s\u2019est tenu \u00e0 Singapour sous l\u2019\u00e9gide d\u2019Enterprise Singapore. L\u2019\u00e9v\u00e9nement, ax\u00e9 cette ann\u00e9e sur la technologie num\u00e9rique, l\u2019\u00e9nergie renouvelable, l\u2019\u00e9conomie verte et la durabilit\u00e9, a rassembl\u00e9 d\u00e9cideurs politiques, investisseurs et chefs d\u2019entreprise des deux continents.<\/p>\n<p>Conduite par le directeur g\u00e9n\u00e9ral de l\u2019Industrie, M. Cheikh Sidi Mohamed Ould Ahmedou, la d\u00e9l\u00e9gation mauritanienne a mis en lumi\u00e8re les richesses mini\u00e8res du pays, son potentiel en \u00e9nergie propre et en hydrog\u00e8ne vert, ainsi que les r\u00e9formes engag\u00e9es pour am\u00e9liorer le climat des affaires.<\/p>\n<p>Une session sp\u00e9ciale consacr\u00e9e \u00e0 la Mauritanie, tenue le 27 ao\u00fbt en pr\u00e9sence du ministre singapourien du Commerce et de l\u2019Industrie, M. Gan Kim Yong, a permis de nouer un dialogue direct avec des investisseurs internationaux. \u00c0 cette occasion, des accords pr\u00e9liminaires ont \u00e9t\u00e9 annonc\u00e9s entre le minist\u00e8re mauritanien des Mines et de l\u2019Industrie et plusieurs entreprises singapouriennes, en vue de futurs projets communs dans les domaines des infrastructures industrielles, des \u00e9nergies renouvelables et de la technologie.<\/p>\n<p>Le Forum Afrique-Singapour, organis\u00e9 tous les deux ans, constitue une plateforme majeure pour renforcer les partenariats \u00e9conomiques entre l\u2019Afrique et l\u2019Asie.<br \/>\n(avec Ami)<\/p>\n","protected":false},"excerpt":{"rendered":"<p>La Mauritanie a pr\u00e9sent\u00e9 ses principales opportunit\u00e9s d\u2019investissement lors du Forum d\u2019affaires Afrique-Singapour 2025, qui s\u2019est tenu \u00e0 Singapour sous l\u2019\u00e9gide d\u2019Enterprise Singapore. L\u2019\u00e9v\u00e9nement, ax\u00e9 cette ann\u00e9e sur la technologie num\u00e9rique, l\u2019\u00e9nergie renouvelable, l\u2019\u00e9conomie verte et la durabilit\u00e9, a rassembl\u00e9 d\u00e9cideurs politiques, investisseurs et chefs d\u2019entreprise des deux continents. Conduite par le directeur g\u00e9n\u00e9ral de &hellip;<\/p>\n","protected":false},"author":2,"featured_media":17791,"comment_status":"open","ping_status":"open","sticky":false,"template":"","format":"standard","meta":{"footnotes":""},"categories":[18,2],"tags":[],"class_list":["post-17790","post","type-post","status-publish","format-standard","has-post-thumbnail","hentry","category-actualites","category-economie"],"_links":{"self":[{"href":"https:\/\/ladepeche.mr\/index.php?rest_route=\/wp\/v2\/posts\/17790","targetHints":{"allow":["GET"]}}],"collection":[{"href":"https:\/\/ladepeche.mr\/index.php?rest_route=\/wp\/v2\/posts"}],"about":[{"href":"https:\/\/ladepeche.mr\/index.php?rest_route=\/wp\/v2\/types\/post"}],"author":[{"embeddable":true,"href":"https:\/\/ladepeche.mr\/index.php?rest_route=\/wp\/v2\/users\/2"}],"replies":[{"embeddable":true,"href":"https:\/\/ladepeche.mr\/index.php?rest_route=%2Fwp%2Fv2%2Fcomments&post=17790"}],"version-history":[{"count":2,"href":"https:\/\/ladepeche.mr\/index.php?rest_route=\/wp\/v2\/posts\/17790\/revisions"}],"predecessor-version":[{"id":17793,"href":"https:\/\/ladepeche.mr\/index.php?rest_route=\/wp\/v2\/posts\/17790\/revisions\/17793"}],"wp:featuredmedia":[{"embeddable":true,"href":"https:\/\/ladepeche.mr\/index.php?rest_route=\/wp\/v2\/media\/17791"}],"wp:attachment":[{"href":"https:\/\/ladepeche.mr\/index.php?rest_route=%2Fwp%2Fv2%2Fmedia&parent=17790"}],"wp:term":[{"taxonomy":"category","embeddable":true,"href":"https:\/\/ladepeche.mr\/index.php?rest_route=%2Fwp%2Fv2%2Fcategories&post=17790"},{"taxonomy":"post_tag","embeddable":true,"href":"https:\/\/ladepeche.mr\/index.php?rest_route=%2Fwp%2Fv2%2Ftags&post=17790"}],"curies":[{"name":"wp","href":"https:\/\/api.w.org\/{rel}","templated":true}]}}