{"id":17794,"date":"2025-08-27T23:25:55","date_gmt":"2025-08-27T23:25:55","guid":{"rendered":"https:\/\/ladepeche.mr\/?p=17794"},"modified":"2025-08-27T23:25:55","modified_gmt":"2025-08-27T23:25:55","slug":"syrie-larmee-israelienne-mene-un-raid-dans-la-campagne-de-damas","status":"publish","type":"post","link":"https:\/\/ladepeche.mr\/?p=17794","title":{"rendered":"Syrie: l\u2019arm\u00e9e isra\u00e9lienne m\u00e8ne un raid dans la campagne de Damas"},"content":{"rendered":"<p>Les forces isra\u00e9liennes ont frapp\u00e9 Beit Jinn, dans la campagne de Damas, sans faire de victimes, selon Al-Ikhbariya TV. Il s\u2019agit du troisi\u00e8me raid en ao\u00fbt dans le sud de la Syrie, apr\u00e8s des interventions \u00e0 Quneitra. Ni Isra\u00ebl ni la Syrie n\u2019ont comment\u00e9 l\u2019attaque. Le ministre turc des Affaires \u00e9trang\u00e8res, Hakan Fidan, avait averti qu\u2019Isra\u00ebl cherche \u00e0 d\u00e9pecer la Syrie, soulignant l\u2019escalade des tensions dans la r\u00e9gion et l\u2019inqui\u00e9tude des pays voisins.<br \/>\nLes forces isra\u00e9liennes sont intervenues dans la ville de Beit Jinn, dans la campagne de Damas, au sud de la Syrie, et ont ouvert le feu sur des civils, ont rapport\u00e9 lundi des m\u00e9dias locaux.<\/p>\n<p>Aucune victime n\u2019a \u00e9t\u00e9 signal\u00e9e lors de ce raid, selon la cha\u00eene d\u2019\u00c9tat syrienne Al-Ikhbariya TV.<\/p>\n<p>Ni l\u2019arm\u00e9e isra\u00e9lienne ni les autorit\u00e9s syriennes n\u2019ont fait de commentaire imm\u00e9diat sur l\u2019attaque.<br \/>\nCe raid n\u2019est pas le premier : dimanche soir, les forces isra\u00e9liennes \u00e9taient d\u00e9j\u00e0 intervenues pour la troisi\u00e8me fois en ao\u00fbt dans la province de Quneitra, situ\u00e9e dans la zone de d\u00e9sengagement du plateau du Golan occup\u00e9.<\/p>\n<p>Le ministre turc des Affaires \u00e9trang\u00e8res Hakan Fidan avait pr\u00e9c\u00e9demment averti qu\u2019Isra\u00ebl cherche \u00e0 d\u00e9pecer la Syrie, suscitant de vives inqui\u00e9tudes dans la r\u00e9gion.<br \/>\nhttps:\/\/www.yenisafak.com\/fr\/international\/syrie-larmee-israelienne-mene-un-raid-dans-la-campagne-de-damas-46539<\/p>\n","protected":false},"excerpt":{"rendered":"<p>Les forces isra\u00e9liennes ont frapp\u00e9 Beit Jinn, dans la campagne de Damas, sans faire de victimes, selon Al-Ikhbariya TV. Il s\u2019agit du troisi\u00e8me raid en ao\u00fbt dans le sud de la Syrie, apr\u00e8s des interventions \u00e0 Quneitra. Ni Isra\u00ebl ni la Syrie n\u2019ont comment\u00e9 l\u2019attaque. Le ministre turc des Affaires \u00e9trang\u00e8res, Hakan Fidan, avait averti &hellip;<\/p>\n","protected":false},"author":2,"featured_media":17795,"comment_status":"open","ping_status":"open","sticky":false,"template":"","format":"standard","meta":{"footnotes":""},"categories":[18,29],"tags":[],"class_list":["post-17794","post","type-post","status-publish","format-standard","has-post-thumbnail","hentry","category-actualites","category-monde"],"_links":{"self":[{"href":"https:\/\/ladepeche.mr\/index.php?rest_route=\/wp\/v2\/posts\/17794","targetHints":{"allow":["GET"]}}],"collection":[{"href":"https:\/\/ladepeche.mr\/index.php?rest_route=\/wp\/v2\/posts"}],"about":[{"href":"https:\/\/ladepeche.mr\/index.php?rest_route=\/wp\/v2\/types\/post"}],"author":[{"embeddable":true,"href":"https:\/\/ladepeche.mr\/index.php?rest_route=\/wp\/v2\/users\/2"}],"replies":[{"embeddable":true,"href":"https:\/\/ladepeche.mr\/index.php?rest_route=%2Fwp%2Fv2%2Fcomments&post=17794"}],"version-history":[{"count":1,"href":"https:\/\/ladepeche.mr\/index.php?rest_route=\/wp\/v2\/posts\/17794\/revisions"}],"predecessor-version":[{"id":17796,"href":"https:\/\/ladepeche.mr\/index.php?rest_route=\/wp\/v2\/posts\/17794\/revisions\/17796"}],"wp:featuredmedia":[{"embeddable":true,"href":"https:\/\/ladepeche.mr\/index.php?rest_route=\/wp\/v2\/media\/17795"}],"wp:attachment":[{"href":"https:\/\/ladepeche.mr\/index.php?rest_route=%2Fwp%2Fv2%2Fmedia&parent=17794"}],"wp:term":[{"taxonomy":"category","embeddable":true,"href":"https:\/\/ladepeche.mr\/index.php?rest_route=%2Fwp%2Fv2%2Fcategories&post=17794"},{"taxonomy":"post_tag","embeddable":true,"href":"https:\/\/ladepeche.mr\/index.php?rest_route=%2Fwp%2Fv2%2Ftags&post=17794"}],"curies":[{"name":"wp","href":"https:\/\/api.w.org\/{rel}","templated":true}]}}