{"id":17798,"date":"2025-08-30T10:58:04","date_gmt":"2025-08-30T10:58:04","guid":{"rendered":"https:\/\/ladepeche.mr\/?p=17798"},"modified":"2025-08-30T11:21:43","modified_gmt":"2025-08-30T11:21:43","slug":"hrw-le-ministere-de-linterieur-denonce-un-rapport-subjectif","status":"publish","type":"post","link":"https:\/\/ladepeche.mr\/?p=17798","title":{"rendered":"Migration: le minist\u00e8re de l&#8217;int\u00e9rieur d\u00e9nonce un rapport subjectif de HRW"},"content":{"rendered":"<p>Le minist\u00e8re de l\u2019Int\u00e9rieur mauritanien a rejet\u00e9 vendredi les conclusions du dernier rapport de Human Rights Watch concernant le traitement des migrants en situation irr\u00e9guli\u00e8re, d\u00e9non\u00e7ant un manque \u00abd\u2019objectivit\u00e9 et de cr\u00e9dibilit\u00e9 \u00bb dans les accusations port\u00e9es par l\u2019ONG.<\/p>\n<p>Dans un communiqu\u00e9, le minist\u00e8re a r\u00e9affirm\u00e9 que les mesures prises par la Mauritanie s\u2019inscrivent dans le respect du droit national et des engagements internationaux en mati\u00e8re de droits de l\u2019homme. Il cite notamment l\u2019ouverture de plusieurs centres d\u2019accueil \u00e0 Nouakchott et Nouadhibou, dot\u00e9s de moyens logistiques, sanitaires et administratifs, et supervis\u00e9s en coordination avec des institutions nationales.<\/p>\n<p>Le gouvernement affirme qu\u2019aucun migrant n\u2019a \u00e9t\u00e9 expuls\u00e9 sans v\u00e9rification de sa situation, ni victime de torture ou de mauvais traitements. Il rappelle \u00e9galement le r\u00f4le des autorit\u00e9s dans le sauvetage de milliers de migrants en mer et dans le d\u00e9mant\u00e8lement de r\u00e9seaux de traite des \u00eatres humains.<\/p>\n<p>La Mauritanie d\u00e9plore, selon le communiqu\u00e9, que les efforts accomplis face \u00e0 l\u2019afflux migratoire croissant sur son territoire ne soient pas reconnus, et appelle \u00e0 une coop\u00e9ration internationale fond\u00e9e sur le respect mutuel de la souverainet\u00e9 des \u00c9tats.<br \/>\nIl faut \u00e9galement admettre que le rapport \u00e0 charge de HRW a \u00e9t\u00e9 \u00e9tabli sur la base de d\u00e9clarations de personnes refoul\u00e9es et dont &#8220;le t\u00e9moignage&#8221; pourrait \u00eatre biais\u00e9 en raison de leur expulsion.<br \/>\nLe naufrage, il y a juste 3 jours, non loin de Nouakchott, d&#8217;une pirogue transportant 150 candidats \u00e0 la migration ill\u00e9gale conforte le gouvernement mauritanien dans ses actions s\u00e9curitaires pour freiner le flux migratoire mortuaire \u00e0 partir de son territoire vers l&#8217;Europe.  <\/p>\n","protected":false},"excerpt":{"rendered":"<p>Le minist\u00e8re de l\u2019Int\u00e9rieur mauritanien a rejet\u00e9 vendredi les conclusions du dernier rapport de Human Rights Watch concernant le traitement des migrants en situation irr\u00e9guli\u00e8re, d\u00e9non\u00e7ant un manque \u00abd\u2019objectivit\u00e9 et de cr\u00e9dibilit\u00e9 \u00bb dans les accusations port\u00e9es par l\u2019ONG. Dans un communiqu\u00e9, le minist\u00e8re a r\u00e9affirm\u00e9 que les mesures prises par la Mauritanie s\u2019inscrivent dans &hellip;<\/p>\n","protected":false},"author":2,"featured_media":17627,"comment_status":"open","ping_status":"open","sticky":false,"template":"","format":"standard","meta":{"footnotes":""},"categories":[18,29],"tags":[],"class_list":["post-17798","post","type-post","status-publish","format-standard","has-post-thumbnail","hentry","category-actualites","category-monde"],"_links":{"self":[{"href":"https:\/\/ladepeche.mr\/index.php?rest_route=\/wp\/v2\/posts\/17798","targetHints":{"allow":["GET"]}}],"collection":[{"href":"https:\/\/ladepeche.mr\/index.php?rest_route=\/wp\/v2\/posts"}],"about":[{"href":"https:\/\/ladepeche.mr\/index.php?rest_route=\/wp\/v2\/types\/post"}],"author":[{"embeddable":true,"href":"https:\/\/ladepeche.mr\/index.php?rest_route=\/wp\/v2\/users\/2"}],"replies":[{"embeddable":true,"href":"https:\/\/ladepeche.mr\/index.php?rest_route=%2Fwp%2Fv2%2Fcomments&post=17798"}],"version-history":[{"count":3,"href":"https:\/\/ladepeche.mr\/index.php?rest_route=\/wp\/v2\/posts\/17798\/revisions"}],"predecessor-version":[{"id":17804,"href":"https:\/\/ladepeche.mr\/index.php?rest_route=\/wp\/v2\/posts\/17798\/revisions\/17804"}],"wp:featuredmedia":[{"embeddable":true,"href":"https:\/\/ladepeche.mr\/index.php?rest_route=\/wp\/v2\/media\/17627"}],"wp:attachment":[{"href":"https:\/\/ladepeche.mr\/index.php?rest_route=%2Fwp%2Fv2%2Fmedia&parent=17798"}],"wp:term":[{"taxonomy":"category","embeddable":true,"href":"https:\/\/ladepeche.mr\/index.php?rest_route=%2Fwp%2Fv2%2Fcategories&post=17798"},{"taxonomy":"post_tag","embeddable":true,"href":"https:\/\/ladepeche.mr\/index.php?rest_route=%2Fwp%2Fv2%2Ftags&post=17798"}],"curies":[{"name":"wp","href":"https:\/\/api.w.org\/{rel}","templated":true}]}}