{"id":17801,"date":"2025-08-30T11:18:54","date_gmt":"2025-08-30T11:18:54","guid":{"rendered":"https:\/\/ladepeche.mr\/?p=17801"},"modified":"2025-08-30T11:18:54","modified_gmt":"2025-08-30T11:18:54","slug":"education-le-pm-urge-pour-des-solutions-idoines-pour-assurer-une-bonne-rentree-scolaire-2025-2026","status":"publish","type":"post","link":"https:\/\/ladepeche.mr\/?p=17801","title":{"rendered":"Education: le PM urge pour des solutions idoines pour assurer une bonne rentr\u00e9e scolaire 2025-2026"},"content":{"rendered":"<p>Le Premier ministre, Moctar Ould Djay, a pr\u00e9sid\u00e9, jeudi, \u00e0 Nouakchott, une r\u00e9union du Comit\u00e9 minist\u00e9riel charg\u00e9 de pr\u00e9parer la rentr\u00e9e scolaire 2025-2026.<br \/>\n\u00ab Avancement des travaux sur les chantiers d\u2019infrastructures \u00e9ducatives, disponibilit\u00e9 du personnel enseignant et d\u2019encadrement, des \u00e9quipements, des uniformes et des manuels scolaires \u00bb, toutes les exigences pour une rentr\u00e9e scolaire satisfaisante sur l\u2019ensemble du territoire national ont \u00e9t\u00e9 pass\u00e9es en revue. Tous les d\u00e9partements et institutions impliqu\u00e9s dans cette reprise des classes \u00e9taient \u00e9galement repr\u00e9sent\u00e9s \u00e0 la r\u00e9union du comit\u00e9.<br \/>\nLors de cette r\u00e9union, o\u00f9 une \u00e9valuation des mesures prises a \u00e9t\u00e9 faite, le Premier ministre a donn\u00e9 rendez-vous au comit\u00e9 minist\u00e9riel pour le 11 septembre afin que des solutions idoines soient trouv\u00e9es pour \u00e9carter tout \u00e9cueil pouvant entraver la reprise des classes.<\/p>\n","protected":false},"excerpt":{"rendered":"<p>Le Premier ministre, Moctar Ould Djay, a pr\u00e9sid\u00e9, jeudi, \u00e0 Nouakchott, une r\u00e9union du Comit\u00e9 minist\u00e9riel charg\u00e9 de pr\u00e9parer la rentr\u00e9e scolaire 2025-2026. \u00ab Avancement des travaux sur les chantiers d\u2019infrastructures \u00e9ducatives, disponibilit\u00e9 du personnel enseignant et d\u2019encadrement, des \u00e9quipements, des uniformes et des manuels scolaires \u00bb, toutes les exigences pour une rentr\u00e9e scolaire satisfaisante &hellip;<\/p>\n","protected":false},"author":2,"featured_media":17802,"comment_status":"open","ping_status":"open","sticky":false,"template":"","format":"standard","meta":{"footnotes":""},"categories":[18],"tags":[],"class_list":["post-17801","post","type-post","status-publish","format-standard","has-post-thumbnail","hentry","category-actualites"],"_links":{"self":[{"href":"https:\/\/ladepeche.mr\/index.php?rest_route=\/wp\/v2\/posts\/17801","targetHints":{"allow":["GET"]}}],"collection":[{"href":"https:\/\/ladepeche.mr\/index.php?rest_route=\/wp\/v2\/posts"}],"about":[{"href":"https:\/\/ladepeche.mr\/index.php?rest_route=\/wp\/v2\/types\/post"}],"author":[{"embeddable":true,"href":"https:\/\/ladepeche.mr\/index.php?rest_route=\/wp\/v2\/users\/2"}],"replies":[{"embeddable":true,"href":"https:\/\/ladepeche.mr\/index.php?rest_route=%2Fwp%2Fv2%2Fcomments&post=17801"}],"version-history":[{"count":1,"href":"https:\/\/ladepeche.mr\/index.php?rest_route=\/wp\/v2\/posts\/17801\/revisions"}],"predecessor-version":[{"id":17803,"href":"https:\/\/ladepeche.mr\/index.php?rest_route=\/wp\/v2\/posts\/17801\/revisions\/17803"}],"wp:featuredmedia":[{"embeddable":true,"href":"https:\/\/ladepeche.mr\/index.php?rest_route=\/wp\/v2\/media\/17802"}],"wp:attachment":[{"href":"https:\/\/ladepeche.mr\/index.php?rest_route=%2Fwp%2Fv2%2Fmedia&parent=17801"}],"wp:term":[{"taxonomy":"category","embeddable":true,"href":"https:\/\/ladepeche.mr\/index.php?rest_route=%2Fwp%2Fv2%2Fcategories&post=17801"},{"taxonomy":"post_tag","embeddable":true,"href":"https:\/\/ladepeche.mr\/index.php?rest_route=%2Fwp%2Fv2%2Ftags&post=17801"}],"curies":[{"name":"wp","href":"https:\/\/api.w.org\/{rel}","templated":true}]}}