{"id":17808,"date":"2025-08-30T12:25:50","date_gmt":"2025-08-30T12:25:50","guid":{"rendered":"https:\/\/ladepeche.mr\/?p=17808"},"modified":"2025-08-30T12:25:50","modified_gmt":"2025-08-30T12:25:50","slug":"gaza-la-famine-fait-10-morts-supplementaires-sous-blocus-israelien","status":"publish","type":"post","link":"https:\/\/ladepeche.mr\/?p=17808","title":{"rendered":"Gaza : la famine fait 10 morts suppl\u00e9mentaires sous blocus isra\u00e9lien"},"content":{"rendered":"<p>Parmi les 332 victimes recens\u00e9es depuis le 2 mars, 124 sont des enfants.<br \/>\nAu moins dix Palestiniens, dont trois enfants, sont d\u00e9c\u00e9d\u00e9s samedi des suites de malnutrition provoqu\u00e9e par le blocus isra\u00e9lien impos\u00e9 \u00e0 la bande de Gaza, a annonc\u00e9 le minist\u00e8re palestinien de la Sant\u00e9.<\/p>\n<p>Dans son communiqu\u00e9, le minist\u00e8re a pr\u00e9cis\u00e9 que ce nouveau bilan porte \u00e0 332 le nombre de d\u00e9c\u00e8s li\u00e9s \u00e0 la faim depuis octobre 2023, dont 124 enfants.<\/p>\n<p>En effet, la famine a d\u00e9j\u00e0 \u00e9t\u00e9 confirm\u00e9e dans le gouvernorat de Gaza et devrait s\u2019\u00e9tendre \u00e0 Deir al-Balah et Khan Youn\u00e8s d\u2019ici la fin septembre, selon l\u2019organisme international de suivi de la s\u00e9curit\u00e9 alimentaire (IPC).<\/p>\n<p>Depuis la d\u00e9claration officielle de famine par l\u2019IPC, 54 personnes \u2013 dont neuf enfants \u2013 ont perdu la vie, a ajout\u00e9 le minist\u00e8re.<\/p>\n<p>Apr\u00e8s 22 mois de conflit ininterrompu, l\u2019IPC estime que plus d\u2019un demi-million d\u2019habitants de Gaza sont confront\u00e9s \u00e0 la famine, \u00e0 la mis\u00e8re et \u00e0 la mort, tandis qu\u20191,07 million de personnes \u2013 soit plus de la moiti\u00e9 de la population \u2013 font face \u00e0 des niveaux d\u2019ins\u00e9curit\u00e9 alimentaire extr\u00eame.<\/p>\n<p>Depuis octobre 2023, l\u2019offensive isra\u00e9lienne a caus\u00e9 la mort de plus de 63 000 Palestiniens dans l\u2019enclave, plong\u00e9e dans une catastrophe humanitaire.<\/p>\n<p>En novembre dernier, la Cour p\u00e9nale internationale a \u00e9mis des mandats d\u2019arr\u00eat contre le Premier ministre isra\u00e9lien Benyamin Netanyahu et son ex-ministre de la D\u00e9fense, Yoav Gallant, pour crimes de guerre et crimes contre l\u2019humanit\u00e9 \u00e0 Gaza.<\/p>\n<p>Isra\u00ebl est \u00e9galement poursuivi devant la Cour internationale de justice pour g\u00e9nocide en raison de sa guerre contre la bande de Gaza.<br \/>\naa.com.tr<\/p>\n","protected":false},"excerpt":{"rendered":"<p>Parmi les 332 victimes recens\u00e9es depuis le 2 mars, 124 sont des enfants. Au moins dix Palestiniens, dont trois enfants, sont d\u00e9c\u00e9d\u00e9s samedi des suites de malnutrition provoqu\u00e9e par le blocus isra\u00e9lien impos\u00e9 \u00e0 la bande de Gaza, a annonc\u00e9 le minist\u00e8re palestinien de la Sant\u00e9. Dans son communiqu\u00e9, le minist\u00e8re a pr\u00e9cis\u00e9 que ce &hellip;<\/p>\n","protected":false},"author":2,"featured_media":17809,"comment_status":"open","ping_status":"open","sticky":false,"template":"","format":"standard","meta":{"footnotes":""},"categories":[18,29],"tags":[],"class_list":["post-17808","post","type-post","status-publish","format-standard","has-post-thumbnail","hentry","category-actualites","category-monde"],"_links":{"self":[{"href":"https:\/\/ladepeche.mr\/index.php?rest_route=\/wp\/v2\/posts\/17808","targetHints":{"allow":["GET"]}}],"collection":[{"href":"https:\/\/ladepeche.mr\/index.php?rest_route=\/wp\/v2\/posts"}],"about":[{"href":"https:\/\/ladepeche.mr\/index.php?rest_route=\/wp\/v2\/types\/post"}],"author":[{"embeddable":true,"href":"https:\/\/ladepeche.mr\/index.php?rest_route=\/wp\/v2\/users\/2"}],"replies":[{"embeddable":true,"href":"https:\/\/ladepeche.mr\/index.php?rest_route=%2Fwp%2Fv2%2Fcomments&post=17808"}],"version-history":[{"count":1,"href":"https:\/\/ladepeche.mr\/index.php?rest_route=\/wp\/v2\/posts\/17808\/revisions"}],"predecessor-version":[{"id":17810,"href":"https:\/\/ladepeche.mr\/index.php?rest_route=\/wp\/v2\/posts\/17808\/revisions\/17810"}],"wp:featuredmedia":[{"embeddable":true,"href":"https:\/\/ladepeche.mr\/index.php?rest_route=\/wp\/v2\/media\/17809"}],"wp:attachment":[{"href":"https:\/\/ladepeche.mr\/index.php?rest_route=%2Fwp%2Fv2%2Fmedia&parent=17808"}],"wp:term":[{"taxonomy":"category","embeddable":true,"href":"https:\/\/ladepeche.mr\/index.php?rest_route=%2Fwp%2Fv2%2Fcategories&post=17808"},{"taxonomy":"post_tag","embeddable":true,"href":"https:\/\/ladepeche.mr\/index.php?rest_route=%2Fwp%2Fv2%2Ftags&post=17808"}],"curies":[{"name":"wp","href":"https:\/\/api.w.org\/{rel}","templated":true}]}}