{"id":17814,"date":"2025-08-30T14:48:44","date_gmt":"2025-08-30T14:48:44","guid":{"rendered":"https:\/\/ladepeche.mr\/?p=17814"},"modified":"2025-08-30T14:49:20","modified_gmt":"2025-08-30T14:49:20","slug":"17814","status":"publish","type":"post","link":"https:\/\/ladepeche.mr\/?p=17814","title":{"rendered":"Economie: le gouvernement et le Fmi font le point sur leur partenariat"},"content":{"rendered":"<p>Le gouvernement et le Fmi ont examin\u00e9 vendredi les diff\u00e9rents aspects du partenariat en cours entre eux, et les perspectives de son renforcement \u00e0 court et moyen terme, \u00e0 l&#8217;occasion d&#8217;une rencontre entre le ministre de l\u2019\u00c9conomie et des Finances, Sid&#8217; Ahmed Ould Bouh, et le repr\u00e9sentant r\u00e9sident du Fonds mon\u00e9taire international (FMI) en Mauritanie, M. Younes Zahar.<br \/>\nLes \u00e9changes auraient permis de mettre en avant la n\u00e9cessit\u00e9 de maintenir un dialogue r\u00e9gulier et une coordination \u00e9troite pour accompagner les r\u00e9formes \u00e9conomiques du pays, tout en explorant de nouvelles pistes de collaboration dans les secteurs \u00e9conomique et financier en vue d\u2019un d\u00e9veloppement durable et d\u2019une stabilit\u00e9 financi\u00e8re renforc\u00e9e.<br \/>\nA noter que le directeur des financements et de la coop\u00e9ration \u00e9conomique, Mohamed Salem Nany, a pris part aux discussions. <\/p>\n","protected":false},"excerpt":{"rendered":"<p>Le gouvernement et le Fmi ont examin\u00e9 vendredi les diff\u00e9rents aspects du partenariat en cours entre eux, et les perspectives de son renforcement \u00e0 court et moyen terme, \u00e0 l&#8217;occasion d&#8217;une rencontre entre le ministre de l\u2019\u00c9conomie et des Finances, Sid&#8217; Ahmed Ould Bouh, et le repr\u00e9sentant r\u00e9sident du Fonds mon\u00e9taire international (FMI) en Mauritanie, &hellip;<\/p>\n","protected":false},"author":2,"featured_media":17815,"comment_status":"open","ping_status":"open","sticky":false,"template":"","format":"standard","meta":{"footnotes":""},"categories":[18,2],"tags":[],"class_list":["post-17814","post","type-post","status-publish","format-standard","has-post-thumbnail","hentry","category-actualites","category-economie"],"_links":{"self":[{"href":"https:\/\/ladepeche.mr\/index.php?rest_route=\/wp\/v2\/posts\/17814","targetHints":{"allow":["GET"]}}],"collection":[{"href":"https:\/\/ladepeche.mr\/index.php?rest_route=\/wp\/v2\/posts"}],"about":[{"href":"https:\/\/ladepeche.mr\/index.php?rest_route=\/wp\/v2\/types\/post"}],"author":[{"embeddable":true,"href":"https:\/\/ladepeche.mr\/index.php?rest_route=\/wp\/v2\/users\/2"}],"replies":[{"embeddable":true,"href":"https:\/\/ladepeche.mr\/index.php?rest_route=%2Fwp%2Fv2%2Fcomments&post=17814"}],"version-history":[{"count":2,"href":"https:\/\/ladepeche.mr\/index.php?rest_route=\/wp\/v2\/posts\/17814\/revisions"}],"predecessor-version":[{"id":17817,"href":"https:\/\/ladepeche.mr\/index.php?rest_route=\/wp\/v2\/posts\/17814\/revisions\/17817"}],"wp:featuredmedia":[{"embeddable":true,"href":"https:\/\/ladepeche.mr\/index.php?rest_route=\/wp\/v2\/media\/17815"}],"wp:attachment":[{"href":"https:\/\/ladepeche.mr\/index.php?rest_route=%2Fwp%2Fv2%2Fmedia&parent=17814"}],"wp:term":[{"taxonomy":"category","embeddable":true,"href":"https:\/\/ladepeche.mr\/index.php?rest_route=%2Fwp%2Fv2%2Fcategories&post=17814"},{"taxonomy":"post_tag","embeddable":true,"href":"https:\/\/ladepeche.mr\/index.php?rest_route=%2Fwp%2Fv2%2Ftags&post=17814"}],"curies":[{"name":"wp","href":"https:\/\/api.w.org\/{rel}","templated":true}]}}