{"id":17822,"date":"2025-08-31T12:45:47","date_gmt":"2025-08-31T12:45:47","guid":{"rendered":"https:\/\/ladepeche.mr\/?p=17822"},"modified":"2025-08-31T12:53:15","modified_gmt":"2025-08-31T12:53:15","slug":"assemblee-generale-de-lonu-les-etats-unis-accuses-de-violer-laccord-de-siege","status":"publish","type":"post","link":"https:\/\/ladepeche.mr\/?p=17822","title":{"rendered":"Assembl\u00e9e g\u00e9n\u00e9rale de l\u2019ONU : Les \u00c9tats-Unis accus\u00e9s de violer l&#8217;accord de si\u00e8ge"},"content":{"rendered":"<p>\u00c0 l\u2019occasion des travaux de la prochaine Assembl\u00e9e g\u00e9n\u00e9rale des Nations Unies \u00e0 New York, l\u2019administration am\u00e9ricaine fait l\u2019objet de vives critiques apr\u00e8s avoir tent\u00e9 d\u2019emp\u00eacher la participation de la d\u00e9l\u00e9gation de l\u2019Autorit\u00e9 palestinienne. Cette d\u00e9cision, largement per\u00e7ue comme une entorse \u00e0 l\u2019Accord sur le si\u00e8ge sign\u00e9 entre les \u00c9tats-Unis et l\u2019ONU en 1947, a suscit\u00e9 de nombreuses r\u00e9actions internationales.<\/p>\n<p>Connue pour son approche &#8220;exag\u00e9r\u00e9ment&#8221; mod\u00e9r\u00e9e dans le conflit isra\u00e9lo-palestinien, l\u2019Autorit\u00e9 palestinienne devait assister aux d\u00e9bats annuels de l\u2019Assembl\u00e9e g\u00e9n\u00e9rale. Or, l\u2019administration Trump, en alignement affich\u00e9 avec les positions de l\u2019extr\u00eame droite au pouvoir en Isra\u00ebl, tente d\u2019entraver cette pr\u00e9sence, en contradiction avec ses obligations d\u2019\u00c9tat h\u00f4te et avec son r\u00f4le de parrain des n\u00e9gociations sur le g\u00e9nocide en cours \u00e0 Gaza. La man\u0153uvre Us est per\u00e7ue comme une tentative d\u2019influencer ou de freiner le processus croissant de reconnaissance de l\u2019\u00c9tat palestinien au sein de la communaut\u00e9 internationale.<\/p>\n<p>En effet, 148 des 193 \u00c9tats membres de l\u2019ONU reconnaissent d\u00e9j\u00e0 la Palestine, et plusieurs pays europ\u00e9ens, ainsi que le Canada et l&#8217;Australie, s\u2019appr\u00eatent \u00e0 faire de m\u00eame dans le sillage de la future assembl\u00e9e des nations unies. Cette tendance mondiale semble avoir incit\u00e9 Washington \u00e0 user de moyens diplomatiquement contest\u00e9s pour bloquer cette dynamique, au risque d&#8217;isoler davantage sa position sur la sc\u00e8ne internationale.<\/p>\n<p>La d\u00e9cision am\u00e9ricaine a \u00e9t\u00e9 largement condamn\u00e9e. Le comit\u00e9 interminist\u00e9riel arabo-islamique a appel\u00e9 les \u00c9tats-Unis \u00e0 revenir sur cette mesure, soulignant l\u2019importance du respect des engagements contenus dans l\u2019Accord sur le si\u00e8ge de l&#8217;Onu. Plusieurs pays europ\u00e9ens, dont la France et l\u2019Espagne, ont \u00e9galement exprim\u00e9 leur d\u00e9saccord.<\/p>\n<p>Le ministre fran\u00e7ais Jean-No\u00ebl Barrot a rappel\u00e9 que \u00ab l\u2019Assembl\u00e9e g\u00e9n\u00e9rale ne devrait subir aucune restriction d\u2019acc\u00e8s \u00bb, tandis que le Premier ministre espagnol, Pedro S\u00e1nchez, a qualifi\u00e9 la d\u00e9cision d\u2019injuste, affirmant que \u00ab la Palestine a le droit de se faire entendre \u00e0 l\u2019ONU \u00bb. De son c\u00f4t\u00e9, l\u2019Union europ\u00e9enne a \u00e9galement invit\u00e9 les \u00c9tats-Unis \u00e0 respecter leurs engagements internationaux.<\/p>\n<p>Ce bras de fer diplomatique pourrait s\u2019av\u00e9rer contre-productif pour Washington et son alli\u00e9 isra\u00e9lien. Non seulement la d\u00e9cision est jug\u00e9e ill\u00e9gale par de nombreux \u00c9tats, mais elle n\u2019emp\u00eachera probablement pas la reconnaissance par de nouveaux Etats de l\u2019\u00c9tat palestinien, qui s\u2019appuie sur des r\u00e9solutions pertinentes comme la R\u00e9solution 242 du Conseil de s\u00e9curit\u00e9, appelant \u00e0 une solution \u00e0 deux \u00c9tats et sur la dynamique d&#8217;une paix durable lors du processus d&#8217;Oslo parrain\u00e9 le 13 septembre 1993 par le pr\u00e9sident am\u00e9ricain B. Clinton.<\/p>\n<p>En fin de compte, cette tentative d\u2019exclusion pourrait se retourner contre les \u00c9tats-Unis, accus\u00e9s de bafouer le droit international et d\u2019indexer davantage le r\u00e9gime de Benyamin Netanyahou qui semble, dans sa fuite en avant, avoir inspir\u00e9 \u00e0 D. Trump cette attitude juridiquement nulle et non avenue.<\/p>\n","protected":false},"excerpt":{"rendered":"<p>\u00c0 l\u2019occasion des travaux de la prochaine Assembl\u00e9e g\u00e9n\u00e9rale des Nations Unies \u00e0 New York, l\u2019administration am\u00e9ricaine fait l\u2019objet de vives critiques apr\u00e8s avoir tent\u00e9 d\u2019emp\u00eacher la participation de la d\u00e9l\u00e9gation de l\u2019Autorit\u00e9 palestinienne. Cette d\u00e9cision, largement per\u00e7ue comme une entorse \u00e0 l\u2019Accord sur le si\u00e8ge sign\u00e9 entre les \u00c9tats-Unis et l\u2019ONU en 1947, a &hellip;<\/p>\n","protected":false},"author":2,"featured_media":16518,"comment_status":"open","ping_status":"open","sticky":false,"template":"","format":"standard","meta":{"footnotes":""},"categories":[18,29],"tags":[],"class_list":["post-17822","post","type-post","status-publish","format-standard","has-post-thumbnail","hentry","category-actualites","category-monde"],"_links":{"self":[{"href":"https:\/\/ladepeche.mr\/index.php?rest_route=\/wp\/v2\/posts\/17822","targetHints":{"allow":["GET"]}}],"collection":[{"href":"https:\/\/ladepeche.mr\/index.php?rest_route=\/wp\/v2\/posts"}],"about":[{"href":"https:\/\/ladepeche.mr\/index.php?rest_route=\/wp\/v2\/types\/post"}],"author":[{"embeddable":true,"href":"https:\/\/ladepeche.mr\/index.php?rest_route=\/wp\/v2\/users\/2"}],"replies":[{"embeddable":true,"href":"https:\/\/ladepeche.mr\/index.php?rest_route=%2Fwp%2Fv2%2Fcomments&post=17822"}],"version-history":[{"count":4,"href":"https:\/\/ladepeche.mr\/index.php?rest_route=\/wp\/v2\/posts\/17822\/revisions"}],"predecessor-version":[{"id":17826,"href":"https:\/\/ladepeche.mr\/index.php?rest_route=\/wp\/v2\/posts\/17822\/revisions\/17826"}],"wp:featuredmedia":[{"embeddable":true,"href":"https:\/\/ladepeche.mr\/index.php?rest_route=\/wp\/v2\/media\/16518"}],"wp:attachment":[{"href":"https:\/\/ladepeche.mr\/index.php?rest_route=%2Fwp%2Fv2%2Fmedia&parent=17822"}],"wp:term":[{"taxonomy":"category","embeddable":true,"href":"https:\/\/ladepeche.mr\/index.php?rest_route=%2Fwp%2Fv2%2Fcategories&post=17822"},{"taxonomy":"post_tag","embeddable":true,"href":"https:\/\/ladepeche.mr\/index.php?rest_route=%2Fwp%2Fv2%2Ftags&post=17822"}],"curies":[{"name":"wp","href":"https:\/\/api.w.org\/{rel}","templated":true}]}}