{"id":17827,"date":"2025-08-31T13:42:45","date_gmt":"2025-08-31T13:42:45","guid":{"rendered":"https:\/\/ladepeche.mr\/?p=17827"},"modified":"2025-08-31T13:42:45","modified_gmt":"2025-08-31T13:42:45","slug":"programme-durgence-ghazouani-face-aux-realites-des-chantiers-scolaires","status":"publish","type":"post","link":"https:\/\/ladepeche.mr\/?p=17827","title":{"rendered":"Programme d\u2019urgence : Ghazouani face aux r\u00e9alit\u00e9s des chantiers scolaires"},"content":{"rendered":"<p>Le programme d\u2019urgence lanc\u00e9 par le pr\u00e9sident Mohamed Ould Ghazouani couvre plusieurs secteurs cl\u00e9s du d\u00e9veloppement, parmi lesquels celui de l\u2019\u00e9ducation. Sa r\u00e9cente visite sur les sites de plusieurs \u00e9coles encore en construction t\u00e9moigne de l\u2019attention particuli\u00e8re qu\u2019il accorde \u00e0 ce secteur, en particulier. Mais une question persiste : ses directives sont-elles v\u00e9ritablement suivies par les responsables concern\u00e9s ?<\/p>\n<p>Les travaux lanc\u00e9s sous l\u2019\u00e9gide de la d\u00e9l\u00e9gation Taazour ne semblent pas refl\u00e9ter l\u2019ambition pr\u00e9sidentielle. Ils peinent \u00e0 incarner le succ\u00e8s attendu de ce programme d\u2019urgence, cens\u00e9 am\u00e9liorer rapidement les infrastructures de Nouakchott. Pour pallier ce d\u00e9calage entre engagements et r\u00e9sultats, le pr\u00e9sident n\u2019h\u00e9site plus \u00e0 aller lui-m\u00eame constater l\u2019\u00e9tat d\u2019avancement des projets. Une d\u00e9marche courageuse, certes, mais qui le confronte \u00e0 une r\u00e9alit\u00e9 en d\u00e9phasage avec les promesses faites \u00e0 ses compatriotes, un an d\u00e9j\u00e0 apr\u00e8s sa r\u00e9\u00e9lection.<\/p>\n<p>Lors de sa visite de terrain ce samedi, dans plusieurs \u00e9tablissements s\u00e9lectionn\u00e9s pour son itin\u00e9raire, Ghazouani a pu mesurer de visu l\u2019\u00e9cart important entre les ambitions affich\u00e9es et la mise en \u0153uvre concr\u00e8te du programme d\u2019extension et de modernisation des \u00e9coles. Une situation marqu\u00e9e par la r\u00e9p\u00e9tition des m\u00eames couacs, souvent laiss\u00e9s sans suite.<\/p>\n<p>Le pr\u00e9sident a lui-m\u00eame soulign\u00e9 avec insistance les retards constat\u00e9s et le non-respect des normes techniques dans la construction des \u00e9tablissements. Le Premier ministre, Mokhtar Ould Diaye, avait d\u00e9j\u00e0 fait le m\u00eame constat et tir\u00e9 la sonnette d\u2019alarme lors de la derni\u00e8re r\u00e9union du Comit\u00e9 minist\u00e9riel pr\u00e9parant la rentr\u00e9e scolaire 2025-2026.<\/p>\n<p>Le d\u00e9fi est de taille car il faut h\u00e9berger 69 000 \u00e9l\u00e8ves dans un contexte o\u00f9, \u00e0 quelques semaines de la rentr\u00e9e, aucun des \u00e9tablissements en chantier n\u2019a encore \u00e9t\u00e9 r\u00e9ceptionn\u00e9. Pendant ce temps, les travaux de r\u00e9habilitation s\u2019\u00e9ternisent sur 190 \u00e9coles primaires et 21 lyc\u00e9es.<\/p>\n<p>De son c\u00f4t\u00e9, la ministre de l\u2019\u00c9ducation a salu\u00e9 l\u2019implication directe du pr\u00e9sident, qu\u2019elle consid\u00e8re comme \u00ab une volont\u00e9 sinc\u00e8re de transformer en profondeur le syst\u00e8me \u00e9ducatif et de garantir de meilleures conditions pour les \u00e9l\u00e8ves \u00bb.<\/p>\n<p>Reste que le chef de l\u2019\u00c9tat devra se m\u00e9fier des visites trop cadr\u00e9es qui ne refl\u00e8tent pas toujours la r\u00e9alit\u00e9 du terrain. Car derri\u00e8re les apparences, l\u2019ex\u00e9cution de ce programme d\u2019urgence \u2013 v\u00e9ritable fer de lance de son action politique \u2013 reste entach\u00e9e de zones d&#8217;ombre \u00e9rig\u00e9es par d&#8217;autres responsables.<\/p>\n","protected":false},"excerpt":{"rendered":"<p>Le programme d\u2019urgence lanc\u00e9 par le pr\u00e9sident Mohamed Ould Ghazouani couvre plusieurs secteurs cl\u00e9s du d\u00e9veloppement, parmi lesquels celui de l\u2019\u00e9ducation. Sa r\u00e9cente visite sur les sites de plusieurs \u00e9coles encore en construction t\u00e9moigne de l\u2019attention particuli\u00e8re qu\u2019il accorde \u00e0 ce secteur, en particulier. Mais une question persiste : ses directives sont-elles v\u00e9ritablement suivies par &hellip;<\/p>\n","protected":false},"author":2,"featured_media":17828,"comment_status":"open","ping_status":"open","sticky":false,"template":"","format":"standard","meta":{"footnotes":""},"categories":[18,2],"tags":[],"class_list":["post-17827","post","type-post","status-publish","format-standard","has-post-thumbnail","hentry","category-actualites","category-economie"],"_links":{"self":[{"href":"https:\/\/ladepeche.mr\/index.php?rest_route=\/wp\/v2\/posts\/17827","targetHints":{"allow":["GET"]}}],"collection":[{"href":"https:\/\/ladepeche.mr\/index.php?rest_route=\/wp\/v2\/posts"}],"about":[{"href":"https:\/\/ladepeche.mr\/index.php?rest_route=\/wp\/v2\/types\/post"}],"author":[{"embeddable":true,"href":"https:\/\/ladepeche.mr\/index.php?rest_route=\/wp\/v2\/users\/2"}],"replies":[{"embeddable":true,"href":"https:\/\/ladepeche.mr\/index.php?rest_route=%2Fwp%2Fv2%2Fcomments&post=17827"}],"version-history":[{"count":1,"href":"https:\/\/ladepeche.mr\/index.php?rest_route=\/wp\/v2\/posts\/17827\/revisions"}],"predecessor-version":[{"id":17829,"href":"https:\/\/ladepeche.mr\/index.php?rest_route=\/wp\/v2\/posts\/17827\/revisions\/17829"}],"wp:featuredmedia":[{"embeddable":true,"href":"https:\/\/ladepeche.mr\/index.php?rest_route=\/wp\/v2\/media\/17828"}],"wp:attachment":[{"href":"https:\/\/ladepeche.mr\/index.php?rest_route=%2Fwp%2Fv2%2Fmedia&parent=17827"}],"wp:term":[{"taxonomy":"category","embeddable":true,"href":"https:\/\/ladepeche.mr\/index.php?rest_route=%2Fwp%2Fv2%2Fcategories&post=17827"},{"taxonomy":"post_tag","embeddable":true,"href":"https:\/\/ladepeche.mr\/index.php?rest_route=%2Fwp%2Fv2%2Ftags&post=17827"}],"curies":[{"name":"wp","href":"https:\/\/api.w.org\/{rel}","templated":true}]}}