{"id":17833,"date":"2025-09-01T12:30:40","date_gmt":"2025-09-01T12:30:40","guid":{"rendered":"https:\/\/ladepeche.mr\/?p=17833"},"modified":"2025-09-01T11:52:41","modified_gmt":"2025-09-01T11:52:41","slug":"mauritanie-inauguration-de-13-barrages-agricoles-dans-le-hodh-charghi","status":"publish","type":"post","link":"https:\/\/ladepeche.mr\/?p=17833","title":{"rendered":"Mauritanie : Inauguration de 13 barrages agricoles dans le Hodh Charghi"},"content":{"rendered":"<p>Le Ministre de l\u2019Agriculture et de la Souverainet\u00e9 alimentaire, M. Memm\u00e9 Ould Beybata, a proc\u00e9d\u00e9 ce dimanche \u00e0 l\u2019inauguration de 13 barrages agricoles dans la commune de Bougadoum, moughataa d\u2019Amourj, dans le cadre du programme sp\u00e9cial de d\u00e9veloppement \u201cAl-Soumoud\u201d destin\u00e9 \u00e0 la wilaya du Hodh Charghi.<\/p>\n<p>D\u2019un co\u00fbt global d\u00e9passant 1,6 milliard anciennes ouguiyas, ces infrastructures couvrent une superficie totale de 1 186 hectares. Elles ont \u00e9t\u00e9 r\u00e9alis\u00e9es par la Soci\u00e9t\u00e9 Nationale d\u2019Am\u00e9nagement Agricole et des Travaux (SNAT), sous la supervision technique de la Direction de l\u2019Am\u00e9nagement Rural, et sont r\u00e9parties dans dix communes de la r\u00e9gion.<\/p>\n<p>Lors de la c\u00e9r\u00e9monie, le ministre a salu\u00e9 une avanc\u00e9e majeure dans le processus de transformation agricole engag\u00e9 par le pays, soulignant les efforts d\u00e9ploy\u00e9s par le gouvernement sous les hautes orientations du Pr\u00e9sident de la R\u00e9publique, Mohamed Ould Cheikh El Ghazouani. Il a mis en avant la m\u00e9canisation de l\u2019agriculture, l\u2019extension des superficies cultiv\u00e9es et la contribution de ces politiques \u00e0 la lutte contre le ch\u00f4mage.<\/p>\n<p>Le pr\u00e9sident du conseil r\u00e9gional du Hodh Charghi, M. Mohamed Ould Tijani, a insist\u00e9 sur l\u2019impact positif de ces ouvrages sur l\u2019agriculture locale et les conditions de vie des populations rurales. De son c\u00f4t\u00e9, le maire de Bougadoum, M. Bey\u00e9 Ould Fadili, a exprim\u00e9 sa gratitude pour les efforts du gouvernement en faveur du d\u00e9veloppement rural.<\/p>\n<p>Les b\u00e9n\u00e9ficiaires ont, quant \u00e0 eux, exprim\u00e9 leur satisfaction et formul\u00e9 des dol\u00e9ances relatives \u00e0 la formation, \u00e0 l\u2019encadrement agricole et \u00e0 l\u2019am\u00e9nagement de nouveaux barrages.<\/p>\n<p>En marge de cette visite, le ministre s\u2019est rendu sur le site du barrage d\u2019Al-Benyat, d\u2019une superficie de 38 hectares, \u00e9galement inscrit dans le programme \u201cAl-Soumoud\u201d.<br \/>\n(avec ami)<\/p>\n","protected":false},"excerpt":{"rendered":"<p>Le Ministre de l\u2019Agriculture et de la Souverainet\u00e9 alimentaire, M. Memm\u00e9 Ould Beybata, a proc\u00e9d\u00e9 ce dimanche \u00e0 l\u2019inauguration de 13 barrages agricoles dans la commune de Bougadoum, moughataa d\u2019Amourj, dans le cadre du programme sp\u00e9cial de d\u00e9veloppement \u201cAl-Soumoud\u201d destin\u00e9 \u00e0 la wilaya du Hodh Charghi. D\u2019un co\u00fbt global d\u00e9passant 1,6 milliard anciennes ouguiyas, ces &hellip;<\/p>\n","protected":false},"author":2,"featured_media":17834,"comment_status":"open","ping_status":"open","sticky":false,"template":"","format":"standard","meta":{"footnotes":""},"categories":[18],"tags":[],"class_list":["post-17833","post","type-post","status-publish","format-standard","has-post-thumbnail","hentry","category-actualites"],"_links":{"self":[{"href":"https:\/\/ladepeche.mr\/index.php?rest_route=\/wp\/v2\/posts\/17833","targetHints":{"allow":["GET"]}}],"collection":[{"href":"https:\/\/ladepeche.mr\/index.php?rest_route=\/wp\/v2\/posts"}],"about":[{"href":"https:\/\/ladepeche.mr\/index.php?rest_route=\/wp\/v2\/types\/post"}],"author":[{"embeddable":true,"href":"https:\/\/ladepeche.mr\/index.php?rest_route=\/wp\/v2\/users\/2"}],"replies":[{"embeddable":true,"href":"https:\/\/ladepeche.mr\/index.php?rest_route=%2Fwp%2Fv2%2Fcomments&post=17833"}],"version-history":[{"count":1,"href":"https:\/\/ladepeche.mr\/index.php?rest_route=\/wp\/v2\/posts\/17833\/revisions"}],"predecessor-version":[{"id":17835,"href":"https:\/\/ladepeche.mr\/index.php?rest_route=\/wp\/v2\/posts\/17833\/revisions\/17835"}],"wp:featuredmedia":[{"embeddable":true,"href":"https:\/\/ladepeche.mr\/index.php?rest_route=\/wp\/v2\/media\/17834"}],"wp:attachment":[{"href":"https:\/\/ladepeche.mr\/index.php?rest_route=%2Fwp%2Fv2%2Fmedia&parent=17833"}],"wp:term":[{"taxonomy":"category","embeddable":true,"href":"https:\/\/ladepeche.mr\/index.php?rest_route=%2Fwp%2Fv2%2Fcategories&post=17833"},{"taxonomy":"post_tag","embeddable":true,"href":"https:\/\/ladepeche.mr\/index.php?rest_route=%2Fwp%2Fv2%2Ftags&post=17833"}],"curies":[{"name":"wp","href":"https:\/\/api.w.org\/{rel}","templated":true}]}}