{"id":17842,"date":"2025-09-01T13:02:47","date_gmt":"2025-09-01T13:02:47","guid":{"rendered":"https:\/\/ladepeche.mr\/?p=17842"},"modified":"2025-09-01T13:02:47","modified_gmt":"2025-09-01T13:02:47","slug":"le-parti-insaf-reagit-aux-propos-virulents-de-bda-a-bruxelles","status":"publish","type":"post","link":"https:\/\/ladepeche.mr\/?p=17842","title":{"rendered":"Le parti Insaf r\u00e9agit aux propos virulents de BDA \u00e0 Bruxelles"},"content":{"rendered":"<p>Dans un communiqu\u00e9 publi\u00e9 en r\u00e9action aux propos violents, tenus \u00e0 Bruxelles par le pr\u00e9sident de l&#8217;Ira et d\u00e9put\u00e9 \u00e0 l&#8217;AN, Biram Dah Abeid (BDA), le parti Insaaf a vivement critiqu\u00e9 le d\u00e9put\u00e9 et accus\u00e9 de se proclamer opposant au r\u00e9gime \u00e0 travers des discours jug\u00e9s \u00ab confus \u00bb, et de vouloir cr\u00e9er une image fausse et n\u00e9gative du pays \u00ab \u00e0 la mesure de ses propres illusions \u00bb.<\/p>\n<p>Depuis Bruxelles, o\u00f9 il s\u00e9journait r\u00e9cemment, BDA a d\u00e9peint la Mauritanie comme un pays plong\u00e9 dans l\u2019obscurit\u00e9, \u00ab comme une prison sortie d\u2019un autre \u00e2ge \u00bb. Une description que le parti rejette fermement, affirmant que \u00ab la r\u00e9alit\u00e9 du pays est connue, tant \u00e0 l\u2019int\u00e9rieur qu\u2019\u00e0 l\u2019ext\u00e9rieur \u00bb indique Insaf.<\/p>\n<p>Insaaf soutient que la Mauritanie traverse actuellement \u00ab l\u2019une des p\u00e9riodes les plus florissantes de son histoire d\u00e9mocratique \u00bb, et condamne les comparaisons faites par BDA entre la situation actuelle du pays et le r\u00e9gime d\u2019apartheid. Le parti rappelle que la Mauritanie a historiquement pris position contre ce syst\u00e8me raciste, en interdisant notamment l\u2019entr\u00e9e de ses ressortissants en Afrique du Sud durant cette p\u00e9riode.<\/p>\n<p>Le communiqu\u00e9 accuse \u00e9galement BDA d\u2019\u00eatre lui-m\u00eame \u00e0 l\u2019origine de divisions entre les Mauritaniens, en les classant selon leur couleur, leur origine ou leur r\u00e9gion. Il l\u2019accuse aussi d\u2019avoir appel\u00e9 \u00e0 contester un pouvoir \u00e9lu d\u00e9mocratiquement, et rappelle certains de ses propos controvers\u00e9s, notamment sa revendication d\u2019avoir gagn\u00e9 une pr\u00e9sidentielle sans preuves, ou encore ses plaintes au sujet de l\u2019absence de reconnaissance officielle de son parti politique \u2014 alors qu\u2019il n\u2019aurait, selon Insaaf, jamais d\u00e9pos\u00e9 de dossier formel.<\/p>\n<p>Le parti estime que la perspective d\u2019un dialogue politique inclusif, voulu par le pr\u00e9sident et pr\u00e9par\u00e9 par les partis de tout bord ainsi que les organisations de la soci\u00e9t\u00e9 civile, a raviv\u00e9 chez BDA \u00ab une vieille envie de semer la discorde \u00bb et de chercher \u00e0 \u00ab dramatiser la situation pour solliciter un soutien international \u00bb.<\/p>\n<p>Enfin, Insaaf affirme que la Mauritanie n\u2019est pas une fiction mais \u00ab une r\u00e9alit\u00e9 concr\u00e8te \u00bb, port\u00e9e par des politiques sociales ambitieuses, comme la cr\u00e9ation de l\u2019agence TAAZOUR, charg\u00e9e de venir en aide aux plus vuln\u00e9rables. Le parti conclut que ces efforts traduisent \u00ab une volont\u00e9 sinc\u00e8re de justice sociale et de d\u00e9veloppement durable \u00bb.<\/p>\n","protected":false},"excerpt":{"rendered":"<p>Dans un communiqu\u00e9 publi\u00e9 en r\u00e9action aux propos violents, tenus \u00e0 Bruxelles par le pr\u00e9sident de l&#8217;Ira et d\u00e9put\u00e9 \u00e0 l&#8217;AN, Biram Dah Abeid (BDA), le parti Insaaf a vivement critiqu\u00e9 le d\u00e9put\u00e9 et accus\u00e9 de se proclamer opposant au r\u00e9gime \u00e0 travers des discours jug\u00e9s \u00ab confus \u00bb, et de vouloir cr\u00e9er une image &hellip;<\/p>\n","protected":false},"author":2,"featured_media":4874,"comment_status":"open","ping_status":"open","sticky":false,"template":"","format":"standard","meta":{"footnotes":""},"categories":[18,31],"tags":[],"class_list":["post-17842","post","type-post","status-publish","format-standard","has-post-thumbnail","hentry","category-actualites","category-politique-et-reportages"],"_links":{"self":[{"href":"https:\/\/ladepeche.mr\/index.php?rest_route=\/wp\/v2\/posts\/17842","targetHints":{"allow":["GET"]}}],"collection":[{"href":"https:\/\/ladepeche.mr\/index.php?rest_route=\/wp\/v2\/posts"}],"about":[{"href":"https:\/\/ladepeche.mr\/index.php?rest_route=\/wp\/v2\/types\/post"}],"author":[{"embeddable":true,"href":"https:\/\/ladepeche.mr\/index.php?rest_route=\/wp\/v2\/users\/2"}],"replies":[{"embeddable":true,"href":"https:\/\/ladepeche.mr\/index.php?rest_route=%2Fwp%2Fv2%2Fcomments&post=17842"}],"version-history":[{"count":1,"href":"https:\/\/ladepeche.mr\/index.php?rest_route=\/wp\/v2\/posts\/17842\/revisions"}],"predecessor-version":[{"id":17843,"href":"https:\/\/ladepeche.mr\/index.php?rest_route=\/wp\/v2\/posts\/17842\/revisions\/17843"}],"wp:featuredmedia":[{"embeddable":true,"href":"https:\/\/ladepeche.mr\/index.php?rest_route=\/wp\/v2\/media\/4874"}],"wp:attachment":[{"href":"https:\/\/ladepeche.mr\/index.php?rest_route=%2Fwp%2Fv2%2Fmedia&parent=17842"}],"wp:term":[{"taxonomy":"category","embeddable":true,"href":"https:\/\/ladepeche.mr\/index.php?rest_route=%2Fwp%2Fv2%2Fcategories&post=17842"},{"taxonomy":"post_tag","embeddable":true,"href":"https:\/\/ladepeche.mr\/index.php?rest_route=%2Fwp%2Fv2%2Ftags&post=17842"}],"curies":[{"name":"wp","href":"https:\/\/api.w.org\/{rel}","templated":true}]}}