{"id":17848,"date":"2025-09-01T15:54:27","date_gmt":"2025-09-01T15:54:27","guid":{"rendered":"https:\/\/ladepeche.mr\/?p=17848"},"modified":"2025-09-01T15:54:27","modified_gmt":"2025-09-01T15:54:27","slug":"mauritanie-sidi-ould-tah-prend-officiellement-les-renes-de-la-bad","status":"publish","type":"post","link":"https:\/\/ladepeche.mr\/?p=17848","title":{"rendered":"Mauritanie : Sidi Ould Tah prend officiellement les r\u00eanes de la BAD"},"content":{"rendered":"<p>L\u2019\u00e9conomiste mauritanien Sidi Ould Tah a officiellement pris ses fonctions ce lundi \u00e0 Abidjan, en tant que nouveau pr\u00e9sident de la Banque africaine de d\u00e9veloppement (BAD). Elu en mai dernier, il succ\u00e8de au Nig\u00e9rian Akinwumi Adesina, qui a dirig\u00e9 l\u2019institution depuis 2015. Sous la pr\u00e9sidence d\u2019Adesina, le capital de cette institution est pass\u00e9 de 93 \u00e0 318 milliards de dollars.<\/p>\n<p>Lors de la c\u00e9r\u00e9monie d\u2019investiture au si\u00e8ge de la BAD, Ould Tah a promis de poursuivre la mission de l\u2019institution : b\u00e2tir une Afrique robuste et prosp\u00e8re, malgr\u00e9 un contexte international de plus en plus incertain. Il a notamment \u00e9voqu\u00e9 la baisse de l\u2019aide internationale, le poids croissant de la dette, et l\u2019impact du changement climatique comme d\u00e9fis majeurs.<\/p>\n<p>Premier Mauritanien \u00e0 diriger la BAD, Sidi Ould Tah, 60 ans, a \u00e9t\u00e9 ministre de l\u2019Economie en Mauritanie (2008\u20132015) et dirigeait depuis une d\u00e9cennie la *Banque arabe pour le d\u00e9veloppement \u00e9conomique en Afrique (BADEA). Il affirme avoir modernis\u00e9 cette institution, aujourd\u2019hui reconnue sur la sc\u00e8ne internationale.<\/p>\n<p>Face au d\u00e9sengagement des Etats-Unis, qui ont r\u00e9cemment annonc\u00e9 la fin de leur contribution de 500 millions de dollars au fonds de la BAD pour les pays \u00e0 faible revenu, le nouveau pr\u00e9sident veut diversifier les sources de financement, en particulier en se tournant vers les pays du Golfe.<\/p>\n<p> Sahel Intelligence<\/p>\n","protected":false},"excerpt":{"rendered":"<p>L\u2019\u00e9conomiste mauritanien Sidi Ould Tah a officiellement pris ses fonctions ce lundi \u00e0 Abidjan, en tant que nouveau pr\u00e9sident de la Banque africaine de d\u00e9veloppement (BAD). Elu en mai dernier, il succ\u00e8de au Nig\u00e9rian Akinwumi Adesina, qui a dirig\u00e9 l\u2019institution depuis 2015. Sous la pr\u00e9sidence d\u2019Adesina, le capital de cette institution est pass\u00e9 de 93 &hellip;<\/p>\n","protected":false},"author":2,"featured_media":17849,"comment_status":"open","ping_status":"open","sticky":false,"template":"","format":"standard","meta":{"footnotes":""},"categories":[18,2,29],"tags":[],"class_list":["post-17848","post","type-post","status-publish","format-standard","has-post-thumbnail","hentry","category-actualites","category-economie","category-monde"],"_links":{"self":[{"href":"https:\/\/ladepeche.mr\/index.php?rest_route=\/wp\/v2\/posts\/17848","targetHints":{"allow":["GET"]}}],"collection":[{"href":"https:\/\/ladepeche.mr\/index.php?rest_route=\/wp\/v2\/posts"}],"about":[{"href":"https:\/\/ladepeche.mr\/index.php?rest_route=\/wp\/v2\/types\/post"}],"author":[{"embeddable":true,"href":"https:\/\/ladepeche.mr\/index.php?rest_route=\/wp\/v2\/users\/2"}],"replies":[{"embeddable":true,"href":"https:\/\/ladepeche.mr\/index.php?rest_route=%2Fwp%2Fv2%2Fcomments&post=17848"}],"version-history":[{"count":1,"href":"https:\/\/ladepeche.mr\/index.php?rest_route=\/wp\/v2\/posts\/17848\/revisions"}],"predecessor-version":[{"id":17850,"href":"https:\/\/ladepeche.mr\/index.php?rest_route=\/wp\/v2\/posts\/17848\/revisions\/17850"}],"wp:featuredmedia":[{"embeddable":true,"href":"https:\/\/ladepeche.mr\/index.php?rest_route=\/wp\/v2\/media\/17849"}],"wp:attachment":[{"href":"https:\/\/ladepeche.mr\/index.php?rest_route=%2Fwp%2Fv2%2Fmedia&parent=17848"}],"wp:term":[{"taxonomy":"category","embeddable":true,"href":"https:\/\/ladepeche.mr\/index.php?rest_route=%2Fwp%2Fv2%2Fcategories&post=17848"},{"taxonomy":"post_tag","embeddable":true,"href":"https:\/\/ladepeche.mr\/index.php?rest_route=%2Fwp%2Fv2%2Ftags&post=17848"}],"curies":[{"name":"wp","href":"https:\/\/api.w.org\/{rel}","templated":true}]}}