{"id":17851,"date":"2025-09-02T10:53:35","date_gmt":"2025-09-02T10:53:35","guid":{"rendered":"https:\/\/ladepeche.mr\/?p=17851"},"modified":"2025-09-02T10:53:35","modified_gmt":"2025-09-02T10:53:35","slug":"afghanistan-au-moins-800-morts-dans-un-seisme-devastateur","status":"publish","type":"post","link":"https:\/\/ladepeche.mr\/?p=17851","title":{"rendered":"Afghanistan : au moins 800 morts dans un s\u00e9isme d\u00e9vastateur"},"content":{"rendered":"<p>Un violent tremblement de terre a frapp\u00e9 la province de Kunar, dans l\u2019est de l\u2019Afghanistan, faisant au moins 800 morts et plus de 2 500 bless\u00e9s.La secousse, survenue tard dimanche soir, a \u00e9t\u00e9 localis\u00e9e \u00e0 27 km de la grande ville de Jalalabad dans la province voisine de Nangarhar.<\/p>\n<p>La secousse, de magnitude 6,0, survenue tard dimanche soir, a \u00e9t\u00e9 localis\u00e9e \u00e0 27 kilom\u00e8tres \u00e0 l\u2019est-nord-est de Jalalabad, dans la province voisine de Nangarhar, et n\u2019\u00e9tait profonde que de huit kilom\u00e8tres, selon l\u2019US Geological Survey. Ce s\u00e9isme a d\u00e9truit des habitations et boulevers\u00e9 la vie des villageois de la province de Kunar. Des images diffus\u00e9es par le minist\u00e8re afghan de la Sant\u00e9 publique montrent des habitants transportant des bless\u00e9s sur des civi\u00e8res, priant pour les victimes, et creusant fr\u00e9n\u00e9tiquement parmi les d\u00e9combres pour retrouver leurs proches.Parmi les t\u00e9moins, Niamat Ullah, un habitant ayant perdu plusieurs membres de sa famille, raconte :\u2028\u00ab La nuit derni\u00e8re, un tremblement de terre a eu lieu dans cette zone. J\u2019ai perdu sept enfants de ma famille, dont cinq filles et deux gar\u00e7ons. Mon oncle et trois de mes cousins ont \u00e9galement perdu la vie, ainsi que certains de mes autres proches. Notre village d\u00e9plore entre 200 et 250 victimes. \u00bb<\/p>\n<p>Dans les zones rurales et p\u00e9riph\u00e9riques, les maisons sont souvent b\u00e2ties en briques de boue et en bois, avec des techniques rudimentaires qui ne r\u00e9sistent pas aux secousses telluriques.Ce drame s\u2019ajoute \u00e0 une longue s\u00e9rie de catastrophes naturelles dans un pays vuln\u00e9rable, o\u00f9 la pauvret\u00e9 extr\u00eame rend chaque choc plus meurtrier.<br \/>\nhttps:\/\/www.msn.com\/fr-xl\/s%C3%A9curit%C3%A9-publique-et-urgences\/catastrophes-naturelles\/afghanistan-au-moins-800-morts-dans-un-s%C3%A9isme-d%C3%A9vastateur\/ar-AA1LFpFb?ocid=msedgdhp&#038;pc=U531&#038;cvid=68b6c69aa1f94a3da1bba0cd4c8f9de9&#038;ei=58<\/p>\n","protected":false},"excerpt":{"rendered":"<p>Un violent tremblement de terre a frapp\u00e9 la province de Kunar, dans l\u2019est de l\u2019Afghanistan, faisant au moins 800 morts et plus de 2 500 bless\u00e9s.La secousse, survenue tard dimanche soir, a \u00e9t\u00e9 localis\u00e9e \u00e0 27 km de la grande ville de Jalalabad dans la province voisine de Nangarhar. La secousse, de magnitude 6,0, survenue &hellip;<\/p>\n","protected":false},"author":2,"featured_media":17852,"comment_status":"open","ping_status":"open","sticky":false,"template":"","format":"standard","meta":{"footnotes":""},"categories":[18,29],"tags":[],"class_list":["post-17851","post","type-post","status-publish","format-standard","has-post-thumbnail","hentry","category-actualites","category-monde"],"_links":{"self":[{"href":"https:\/\/ladepeche.mr\/index.php?rest_route=\/wp\/v2\/posts\/17851","targetHints":{"allow":["GET"]}}],"collection":[{"href":"https:\/\/ladepeche.mr\/index.php?rest_route=\/wp\/v2\/posts"}],"about":[{"href":"https:\/\/ladepeche.mr\/index.php?rest_route=\/wp\/v2\/types\/post"}],"author":[{"embeddable":true,"href":"https:\/\/ladepeche.mr\/index.php?rest_route=\/wp\/v2\/users\/2"}],"replies":[{"embeddable":true,"href":"https:\/\/ladepeche.mr\/index.php?rest_route=%2Fwp%2Fv2%2Fcomments&post=17851"}],"version-history":[{"count":1,"href":"https:\/\/ladepeche.mr\/index.php?rest_route=\/wp\/v2\/posts\/17851\/revisions"}],"predecessor-version":[{"id":17853,"href":"https:\/\/ladepeche.mr\/index.php?rest_route=\/wp\/v2\/posts\/17851\/revisions\/17853"}],"wp:featuredmedia":[{"embeddable":true,"href":"https:\/\/ladepeche.mr\/index.php?rest_route=\/wp\/v2\/media\/17852"}],"wp:attachment":[{"href":"https:\/\/ladepeche.mr\/index.php?rest_route=%2Fwp%2Fv2%2Fmedia&parent=17851"}],"wp:term":[{"taxonomy":"category","embeddable":true,"href":"https:\/\/ladepeche.mr\/index.php?rest_route=%2Fwp%2Fv2%2Fcategories&post=17851"},{"taxonomy":"post_tag","embeddable":true,"href":"https:\/\/ladepeche.mr\/index.php?rest_route=%2Fwp%2Fv2%2Ftags&post=17851"}],"curies":[{"name":"wp","href":"https:\/\/api.w.org\/{rel}","templated":true}]}}