{"id":17854,"date":"2025-09-02T11:03:54","date_gmt":"2025-09-02T11:03:54","guid":{"rendered":"https:\/\/ladepeche.mr\/?p=17854"},"modified":"2025-09-02T11:03:54","modified_gmt":"2025-09-02T11:03:54","slug":"la-flottille-pour-gaza-prend-de-nouveau-la-mer-depuis-barcelone","status":"publish","type":"post","link":"https:\/\/ladepeche.mr\/?p=17854","title":{"rendered":"La flottille pour Gaza prend de nouveau la mer depuis Barcelone"},"content":{"rendered":"<p>Les bateaux transportant de l\u2019aide humanitaire et des centaines de militants vers Gaza ont de nouveau pris la mer lundi vers 17H30 GMT \u00e0 Barcelone, quelques heures apr\u00e8s avoir d\u00fb rentrer dans leur port de d\u00e9part \u00e0 cause de la m\u00e9t\u00e9o.<\/p>\n<p>Cette vingtaine de bateaux avaient quitt\u00e9 dimanche une premi\u00e8re fois Barcelone avec l\u2019objectif \u00ab d\u2019ouvrir un corridor humanitaire et de mettre fin au g\u00e9nocide en cours du peuple palestinien \u00bb dans le contexte de la guerre entre Isra\u00ebl et le Hamas, selon ses organisateurs.<br \/>\n\u00ab En raison de conditions m\u00e9t\u00e9orologiques dangereuses, nous avons effectu\u00e9 un essai en mer puis sommes revenus au port pour laisser passer la temp\u00eate. Cela a entra\u00een\u00e9 un retard de notre d\u00e9part afin d\u2019\u00e9viter les complications avec les bateaux plus petits \u00bb, avait expliqu\u00e9 dans la matin\u00e9e de lundi la Global Sumud Flotilla, sans pr\u00e9ciser \u00e0 quel moment les navires \u00e9taient revenus au port de Barcelone.<\/p>\n<p>Parmi les militants venus de dizaines de pays pr\u00e9sents sur ces bateaux figurent la militante \u00e9cologiste su\u00e9doise Greta Thunberg, les acteurs irlandais Liam Cunningham et espagnol Eduard Fernandez, ainsi que des \u00e9lus europ\u00e9ens et des personnalit\u00e9s publiques, dont l\u2019ancienne maire de Barcelone Ada Colau.<\/p>\n<p>Les navires de la Global Sumud Flotilla (\u00ab sumud \u00bb signifie \u00ab r\u00e9silience \u00bb en arabe) ont pr\u00e9vu d\u2019atteindre Gaza \u00e0 la mi-septembre afin d\u2019y acheminer de l\u2019aide humanitaire, apr\u00e8s deux tentatives bloqu\u00e9es par Isra\u00ebl en juin et juillet.<br \/>\nA cette flottille devraient se joindre \u00ab des dizaines \u00bb de bateaux suppl\u00e9mentaires, qui partiront de Tunisie et d\u2019autres ports m\u00e9diterran\u00e9ens le 4 septembre, et des actions simultan\u00e9es \u00ab en solidarit\u00e9 avec le peuple palestinien \u00bb seront organis\u00e9es dans 44 pays, avait annonc\u00e9 d\u00e9but ao\u00fbt Greta Thunberg, membre du comit\u00e9 directeur de Global Sumud Flotilla.<\/p>\n<p>La Global Sumud Flotilla se d\u00e9finit sur son site comme une organisation \u00ab ind\u00e9pendante \u00bb et \u00ab non affili\u00e9e \u00e0 aucun gouvernement ni parti politique \u00bb.<\/p>\n<p>Les Nations unies ont d\u00e9clar\u00e9 en ao\u00fbt l\u2019\u00e9tat de famine \u00e0 Gaza, avertissant que 500.000 personnes se trouvent en situation \u00ab catastrophique \u00bb<\/p>\n<p>La guerre a \u00e9t\u00e9 d\u00e9clench\u00e9e par l\u2019attaque sans pr\u00e9c\u00e9dent men\u00e9e par le Hamas contre Isra\u00ebl le 7 octobre 2023, qui a entra\u00een\u00e9 la mort de 1.219 personnes c\u00f4t\u00e9 isra\u00e9lien, selon un d\u00e9compte de l\u2019AFP \u00e0 partir de donn\u00e9es officielles.<br \/>\nLes repr\u00e9sailles militaires isra\u00e9liennes ont depuis fait au moins 63.459 morts dans la bande de Gaza, en majorit\u00e9 des civils, selon des chiffres du minist\u00e8re de la Sant\u00e9 de Gaza, jug\u00e9s fiables par l\u2019ONU.<\/p>\n<p>The post La flottille pour Gaza prend de nouveau la mer depuis Barcelone appeared first on Hespress Fran\u00e7ais &#8211; Actualit\u00e9s du Maroc.<\/p>\n","protected":false},"excerpt":{"rendered":"<p>Les bateaux transportant de l\u2019aide humanitaire et des centaines de militants vers Gaza ont de nouveau pris la mer lundi vers 17H30 GMT \u00e0 Barcelone, quelques heures apr\u00e8s avoir d\u00fb rentrer dans leur port de d\u00e9part \u00e0 cause de la m\u00e9t\u00e9o. Cette vingtaine de bateaux avaient quitt\u00e9 dimanche une premi\u00e8re fois Barcelone avec l\u2019objectif \u00ab &hellip;<\/p>\n","protected":false},"author":2,"featured_media":17855,"comment_status":"open","ping_status":"open","sticky":false,"template":"","format":"standard","meta":{"footnotes":""},"categories":[18,29],"tags":[],"class_list":["post-17854","post","type-post","status-publish","format-standard","has-post-thumbnail","hentry","category-actualites","category-monde"],"_links":{"self":[{"href":"https:\/\/ladepeche.mr\/index.php?rest_route=\/wp\/v2\/posts\/17854","targetHints":{"allow":["GET"]}}],"collection":[{"href":"https:\/\/ladepeche.mr\/index.php?rest_route=\/wp\/v2\/posts"}],"about":[{"href":"https:\/\/ladepeche.mr\/index.php?rest_route=\/wp\/v2\/types\/post"}],"author":[{"embeddable":true,"href":"https:\/\/ladepeche.mr\/index.php?rest_route=\/wp\/v2\/users\/2"}],"replies":[{"embeddable":true,"href":"https:\/\/ladepeche.mr\/index.php?rest_route=%2Fwp%2Fv2%2Fcomments&post=17854"}],"version-history":[{"count":1,"href":"https:\/\/ladepeche.mr\/index.php?rest_route=\/wp\/v2\/posts\/17854\/revisions"}],"predecessor-version":[{"id":17856,"href":"https:\/\/ladepeche.mr\/index.php?rest_route=\/wp\/v2\/posts\/17854\/revisions\/17856"}],"wp:featuredmedia":[{"embeddable":true,"href":"https:\/\/ladepeche.mr\/index.php?rest_route=\/wp\/v2\/media\/17855"}],"wp:attachment":[{"href":"https:\/\/ladepeche.mr\/index.php?rest_route=%2Fwp%2Fv2%2Fmedia&parent=17854"}],"wp:term":[{"taxonomy":"category","embeddable":true,"href":"https:\/\/ladepeche.mr\/index.php?rest_route=%2Fwp%2Fv2%2Fcategories&post=17854"},{"taxonomy":"post_tag","embeddable":true,"href":"https:\/\/ladepeche.mr\/index.php?rest_route=%2Fwp%2Fv2%2Ftags&post=17854"}],"curies":[{"name":"wp","href":"https:\/\/api.w.org\/{rel}","templated":true}]}}