{"id":17864,"date":"2025-09-02T11:51:02","date_gmt":"2025-09-02T11:51:02","guid":{"rendered":"https:\/\/ladepeche.mr\/?p=17864"},"modified":"2025-09-02T11:51:23","modified_gmt":"2025-09-02T11:51:23","slug":"le-president-salue-lelection-de-sidi-ould-tah-a-la-tete-de-la-bad","status":"publish","type":"post","link":"https:\/\/ladepeche.mr\/?p=17864","title":{"rendered":"Le pr\u00e9sident Ghazouani salue l\u2019\u00e9lection de Sidi Ould Tah \u00e0 la t\u00eate de la BAD"},"content":{"rendered":"<p>Le pr\u00e9sident de la R\u00e9publique, Mohamed Ould Ghazouani,  a salu\u00e9, ce mardi \u00e0 Abidjan, l\u2019\u00e9lection de son compatriote M. Sidi Ould Tah \u00e0 la t\u00eate de la Banque africaine de d\u00e9veloppement (BAD), lors de la c\u00e9r\u00e9monie d\u2019investiture organis\u00e9e en pr\u00e9sence de son homologue ivoirien, Alassane Ouattara.<br \/>\nDans son allocution, le pr\u00e9sident mauritanien, qui s\u2019\u00e9tait personnellement investi dans le succ\u00e8s du candidat Sidi Ould Tah, a exprim\u00e9 sa \u00ab joie \u00bb et son \u00ab honneur \u00bb d\u2019assister \u00e0 cet \u00e9v\u00e9nement historique, remerciant au passage le pr\u00e9sident ivoirien, Alassane Dramane Ouatara pour son soutien et pour l\u2019organisation grandiose de l\u2019\u00e9v\u00e9nement par la C\u00f4te d\u2019Ivoire. Il a insist\u00e9 sur l\u2019importance strat\u00e9gique de la BAD dans le d\u00e9veloppement \u00e9conomique et social du continent africain, saluant une institution qui \u00ab cr\u00e9e de la valeur, des emplois et des opportunit\u00e9s pour la jeunesse \u00bb.<br \/>\nLe chef de l\u2019\u00c9tat a rappel\u00e9 que la candidature de M. Ould Tah, \u00ab \u00e9conomiste chevronn\u00e9 \u00bb, a \u00e9t\u00e9 port\u00e9e par la Mauritanie en raison de sa solide exp\u00e9rience, notamment comme ancien ministre des Affaires \u00e9conomiques et cadre dirigeant d\u2019institutions financi\u00e8res multilat\u00e9rales.<br \/>\nIl a \u00e9galement rendu un hommage appuy\u00e9 \u00e0 M. Akinwumi Adesina, pr\u00e9sident sortant de la BAD, pour les r\u00e9sultats obtenus durant son mandat.<br \/>\nEnfin, le pr\u00e9sident Ghazouani a f\u00e9licit\u00e9 M. Ould Tah pour sa nomination \u00e0 la t\u00eate de l\u2019institution et l\u2019a assur\u00e9 du \u00ab plein soutien \u00bb de son pays dans l\u2019exercice de ses nouvelles fonctions, en r\u00e9affirmant sa confiance dans la capacit\u00e9 du nouveau pr\u00e9sident \u00e0 faire de la BAD un acteur encore plus central dans le d\u00e9veloppement durable et solidaire de l\u2019Afrique<\/p>\n","protected":false},"excerpt":{"rendered":"<p>Le pr\u00e9sident de la R\u00e9publique, Mohamed Ould Ghazouani, a salu\u00e9, ce mardi \u00e0 Abidjan, l\u2019\u00e9lection de son compatriote M. Sidi Ould Tah \u00e0 la t\u00eate de la Banque africaine de d\u00e9veloppement (BAD), lors de la c\u00e9r\u00e9monie d\u2019investiture organis\u00e9e en pr\u00e9sence de son homologue ivoirien, Alassane Ouattara. Dans son allocution, le pr\u00e9sident mauritanien, qui s\u2019\u00e9tait personnellement &hellip;<\/p>\n","protected":false},"author":2,"featured_media":17865,"comment_status":"open","ping_status":"open","sticky":false,"template":"","format":"standard","meta":{"footnotes":""},"categories":[18,2,29],"tags":[],"class_list":["post-17864","post","type-post","status-publish","format-standard","has-post-thumbnail","hentry","category-actualites","category-economie","category-monde"],"_links":{"self":[{"href":"https:\/\/ladepeche.mr\/index.php?rest_route=\/wp\/v2\/posts\/17864","targetHints":{"allow":["GET"]}}],"collection":[{"href":"https:\/\/ladepeche.mr\/index.php?rest_route=\/wp\/v2\/posts"}],"about":[{"href":"https:\/\/ladepeche.mr\/index.php?rest_route=\/wp\/v2\/types\/post"}],"author":[{"embeddable":true,"href":"https:\/\/ladepeche.mr\/index.php?rest_route=\/wp\/v2\/users\/2"}],"replies":[{"embeddable":true,"href":"https:\/\/ladepeche.mr\/index.php?rest_route=%2Fwp%2Fv2%2Fcomments&post=17864"}],"version-history":[{"count":2,"href":"https:\/\/ladepeche.mr\/index.php?rest_route=\/wp\/v2\/posts\/17864\/revisions"}],"predecessor-version":[{"id":17867,"href":"https:\/\/ladepeche.mr\/index.php?rest_route=\/wp\/v2\/posts\/17864\/revisions\/17867"}],"wp:featuredmedia":[{"embeddable":true,"href":"https:\/\/ladepeche.mr\/index.php?rest_route=\/wp\/v2\/media\/17865"}],"wp:attachment":[{"href":"https:\/\/ladepeche.mr\/index.php?rest_route=%2Fwp%2Fv2%2Fmedia&parent=17864"}],"wp:term":[{"taxonomy":"category","embeddable":true,"href":"https:\/\/ladepeche.mr\/index.php?rest_route=%2Fwp%2Fv2%2Fcategories&post=17864"},{"taxonomy":"post_tag","embeddable":true,"href":"https:\/\/ladepeche.mr\/index.php?rest_route=%2Fwp%2Fv2%2Ftags&post=17864"}],"curies":[{"name":"wp","href":"https:\/\/api.w.org\/{rel}","templated":true}]}}