{"id":17878,"date":"2025-09-02T14:52:14","date_gmt":"2025-09-02T14:52:14","guid":{"rendered":"https:\/\/ladepeche.mr\/?p=17878"},"modified":"2025-09-02T23:33:51","modified_gmt":"2025-09-02T23:33:51","slug":"presidence-de-la-republique-nomination-de-jemal-yedali-president-de-president-de-linstance-nationale-de-lutte-contre-la-corruption","status":"publish","type":"post","link":"https:\/\/ladepeche.mr\/?p=17878","title":{"rendered":"Pr\u00e9sidence de la Republique: Nomination de Jemal Yedali, pr\u00e9sident de l&#8217;Instance nationale de lutte contre la corruption"},"content":{"rendered":"<p>Dans un communiqu\u00e9 don\u2019t copie est parvenue \u00e0 \u00ab\u00a0La D\u00e9p\u00eache de Mauritanie\u00a0\u00bb, la Pr\u00e9sidence de la R\u00e9publique informe, par d\u00e9cret, la nomination de Jemal Mohamed Yadali, Pr\u00e9sident de l&#8217;Instance nationale de lutte contre la corruption.<\/p>\n<p>Jemal Yedali, figure politique de la majorit\u00e9, fut ancien president de la Haute cour de Justice et ex pr\u00e9sident du groupe parlementaire UPR (devenu Insaf),<\/p>\n","protected":false},"excerpt":{"rendered":"<p>Dans un communiqu\u00e9 don\u2019t copie est parvenue \u00e0 \u00ab\u00a0La D\u00e9p\u00eache de Mauritanie\u00a0\u00bb, la Pr\u00e9sidence de la R\u00e9publique informe, par d\u00e9cret, la nomination de Jemal Mohamed Yadali, Pr\u00e9sident de l&#8217;Instance nationale de lutte contre la corruption. Jemal Yedali, figure politique de la majorit\u00e9, fut ancien president de la Haute cour de Justice et ex pr\u00e9sident du &hellip;<\/p>\n","protected":false},"author":2,"featured_media":17879,"comment_status":"open","ping_status":"open","sticky":false,"template":"","format":"standard","meta":{"footnotes":""},"categories":[18,31],"tags":[],"class_list":["post-17878","post","type-post","status-publish","format-standard","has-post-thumbnail","hentry","category-actualites","category-politique-et-reportages"],"_links":{"self":[{"href":"https:\/\/ladepeche.mr\/index.php?rest_route=\/wp\/v2\/posts\/17878","targetHints":{"allow":["GET"]}}],"collection":[{"href":"https:\/\/ladepeche.mr\/index.php?rest_route=\/wp\/v2\/posts"}],"about":[{"href":"https:\/\/ladepeche.mr\/index.php?rest_route=\/wp\/v2\/types\/post"}],"author":[{"embeddable":true,"href":"https:\/\/ladepeche.mr\/index.php?rest_route=\/wp\/v2\/users\/2"}],"replies":[{"embeddable":true,"href":"https:\/\/ladepeche.mr\/index.php?rest_route=%2Fwp%2Fv2%2Fcomments&post=17878"}],"version-history":[{"count":5,"href":"https:\/\/ladepeche.mr\/index.php?rest_route=\/wp\/v2\/posts\/17878\/revisions"}],"predecessor-version":[{"id":17888,"href":"https:\/\/ladepeche.mr\/index.php?rest_route=\/wp\/v2\/posts\/17878\/revisions\/17888"}],"wp:featuredmedia":[{"embeddable":true,"href":"https:\/\/ladepeche.mr\/index.php?rest_route=\/wp\/v2\/media\/17879"}],"wp:attachment":[{"href":"https:\/\/ladepeche.mr\/index.php?rest_route=%2Fwp%2Fv2%2Fmedia&parent=17878"}],"wp:term":[{"taxonomy":"category","embeddable":true,"href":"https:\/\/ladepeche.mr\/index.php?rest_route=%2Fwp%2Fv2%2Fcategories&post=17878"},{"taxonomy":"post_tag","embeddable":true,"href":"https:\/\/ladepeche.mr\/index.php?rest_route=%2Fwp%2Fv2%2Ftags&post=17878"}],"curies":[{"name":"wp","href":"https:\/\/api.w.org\/{rel}","templated":true}]}}