{"id":17889,"date":"2025-09-02T23:42:42","date_gmt":"2025-09-02T23:42:42","guid":{"rendered":"https:\/\/ladepeche.mr\/?p=17889"},"modified":"2025-09-02T23:42:42","modified_gmt":"2025-09-02T23:42:42","slug":"le-monde-du-football-en-deuil","status":"publish","type":"post","link":"https:\/\/ladepeche.mr\/?p=17889","title":{"rendered":"Le monde du football en deuil\u2026"},"content":{"rendered":"<p>Le football mauritanien est en deuil. Ce mardi matin, les Mourabitounes et leurs supporters ont appris la disparition de Sall Moustapha, figure embl\u00e9matique du ballon rond national, d\u00e9c\u00e9d\u00e9 \u00e0 l\u2019\u00e2ge de 58 ans.<br \/>\nAncien international et consid\u00e9r\u00e9 comme l\u2019un des plus grands joueurs de l\u2019histoire de la Mauritanie, Sall Moustapha a \u00e9galement marqu\u00e9 les esprits en tant qu\u2019entra\u00eeneur. S\u00e9lectionneur des Mourabitounes par le pass\u00e9, il fut ensuite l\u2019adjoint fid\u00e8le de Corentin Martins, d\u2019abord en Mauritanie puis en Libye.<\/p>\n<blockquote class=\"wp-embedded-content\" data-secret=\"lpr79CO7r1\"><p><a href=\"https:\/\/www.afriquesports.net\/afrique\/triste-nouvelle-la-caf-annonce-le-deces-de-le-monde-du-football-en-deuil\">Triste nouvelle, la CAF annonce le d\u00e9c\u00e8s de\u2026, Le monde du football en deuil<\/a><\/p><\/blockquote>\n<p><iframe loading=\"lazy\" class=\"wp-embedded-content\" sandbox=\"allow-scripts\" security=\"restricted\" style=\"position: absolute; visibility: hidden;\" title=\"\u00ab\u00a0Triste nouvelle, la CAF annonce le d\u00e9c\u00e8s de\u2026, Le monde du football en deuil\u00a0\u00bb &#8212; Afrique Sports\" src=\"https:\/\/www.afriquesports.net\/afrique\/triste-nouvelle-la-caf-annonce-le-deces-de-le-monde-du-football-en-deuil\/embed#?secret=CTCs0GUxxl#?secret=lpr79CO7r1\" data-secret=\"lpr79CO7r1\" width=\"500\" height=\"282\" frameborder=\"0\" marginwidth=\"0\" marginheight=\"0\" scrolling=\"no\"><\/iframe><\/p>\n","protected":false},"excerpt":{"rendered":"<p>Le football mauritanien est en deuil. Ce mardi matin, les Mourabitounes et leurs supporters ont appris la disparition de Sall Moustapha, figure embl\u00e9matique du ballon rond national, d\u00e9c\u00e9d\u00e9 \u00e0 l\u2019\u00e2ge de 58 ans. Ancien international et consid\u00e9r\u00e9 comme l\u2019un des plus grands joueurs de l\u2019histoire de la Mauritanie, Sall Moustapha a \u00e9galement marqu\u00e9 les esprits &hellip;<\/p>\n","protected":false},"author":2,"featured_media":17890,"comment_status":"open","ping_status":"open","sticky":false,"template":"","format":"standard","meta":{"footnotes":""},"categories":[18,17],"tags":[],"class_list":["post-17889","post","type-post","status-publish","format-standard","has-post-thumbnail","hentry","category-actualites","category-sports"],"_links":{"self":[{"href":"https:\/\/ladepeche.mr\/index.php?rest_route=\/wp\/v2\/posts\/17889","targetHints":{"allow":["GET"]}}],"collection":[{"href":"https:\/\/ladepeche.mr\/index.php?rest_route=\/wp\/v2\/posts"}],"about":[{"href":"https:\/\/ladepeche.mr\/index.php?rest_route=\/wp\/v2\/types\/post"}],"author":[{"embeddable":true,"href":"https:\/\/ladepeche.mr\/index.php?rest_route=\/wp\/v2\/users\/2"}],"replies":[{"embeddable":true,"href":"https:\/\/ladepeche.mr\/index.php?rest_route=%2Fwp%2Fv2%2Fcomments&post=17889"}],"version-history":[{"count":1,"href":"https:\/\/ladepeche.mr\/index.php?rest_route=\/wp\/v2\/posts\/17889\/revisions"}],"predecessor-version":[{"id":17891,"href":"https:\/\/ladepeche.mr\/index.php?rest_route=\/wp\/v2\/posts\/17889\/revisions\/17891"}],"wp:featuredmedia":[{"embeddable":true,"href":"https:\/\/ladepeche.mr\/index.php?rest_route=\/wp\/v2\/media\/17890"}],"wp:attachment":[{"href":"https:\/\/ladepeche.mr\/index.php?rest_route=%2Fwp%2Fv2%2Fmedia&parent=17889"}],"wp:term":[{"taxonomy":"category","embeddable":true,"href":"https:\/\/ladepeche.mr\/index.php?rest_route=%2Fwp%2Fv2%2Fcategories&post=17889"},{"taxonomy":"post_tag","embeddable":true,"href":"https:\/\/ladepeche.mr\/index.php?rest_route=%2Fwp%2Fv2%2Ftags&post=17889"}],"curies":[{"name":"wp","href":"https:\/\/api.w.org\/{rel}","templated":true}]}}