{"id":17892,"date":"2025-09-03T13:04:21","date_gmt":"2025-09-03T13:04:21","guid":{"rendered":"https:\/\/ladepeche.mr\/?p=17892"},"modified":"2025-09-03T13:09:11","modified_gmt":"2025-09-03T13:09:11","slug":"houssein-ould-meddou-repond-sans-le-citer-a-bda-nul-nest-au-dessus-des-lois","status":"publish","type":"post","link":"https:\/\/ladepeche.mr\/?p=17892","title":{"rendered":"Houssein Ould Meddou r\u00e9pond sans le citer \u00e0 Bda: \u00abNul n\u2019est au-dessus des lois \u00bb"},"content":{"rendered":"<p>Le ministre de la Culture, des Arts, de la Communication et des Relations avec le Parlement, porte-parole du gouvernement, El Houssein Ould Meddou, a rappel\u00e9, dans une d\u00e9claration, \u00e0 l\u2019issue du dernier conseil des ministres des ministres que \u00abNul n\u2019est au-dessus des lois \u00bb, en particulier lorsqu\u2019il s\u2019agit de diffuser de faux discours portant atteinte \u00e0 l\u2019unit\u00e9 nationale ou \u00e0 la coh\u00e9sion et \u00e0 l\u2019unit\u00e9 du peuple mauritanien.<br \/>\nDans cette intervention qui s\u2019apparente \u00e0 une r\u00e9plique \u00e0 la sortie orageuse \u00e0 Bruxelles du d\u00e9put\u00e9 Biram Dah Abeid (Bda) dont les propos sont qualifi\u00e9s d\u2019extr\u00e9mistes, le porte-parole du gouvernement a encore martel\u00e9 que l\u2019unit\u00e9, la s\u00e9curit\u00e9 et la coh\u00e9sion de la soci\u00e9t\u00e9 mauritanienne sont plus fortes et plus durables que tous les discours politiques mensongers relay\u00e9s \u00e0 l\u2019ext\u00e9rieur par certains acteurs politiques.<br \/>\nHoussein Ould Meddou a encore pr\u00e9cis\u00e9 que la Mauritanie est un \u00c9tat de droit avant d\u2019ajouter que les acquis r\u00e9alis\u00e9s sous le r\u00e9gime actuel du pr\u00e9sident Mohamed Ould Ghazouani sont, \u00e0 cet \u00e9gard, \u00e9difiants et que toutes les institutions mises en place sous l\u2019\u00e8re Ghazouani ont pour objectif principal de renforcer la coh\u00e9sion sociale, l\u2019unit\u00e9 nationale et de lutter contre l\u2019injustice et l\u2019exclusion.<\/p>\n","protected":false},"excerpt":{"rendered":"<p>Le ministre de la Culture, des Arts, de la Communication et des Relations avec le Parlement, porte-parole du gouvernement, El Houssein Ould Meddou, a rappel\u00e9, dans une d\u00e9claration, \u00e0 l\u2019issue du dernier conseil des ministres des ministres que \u00abNul n\u2019est au-dessus des lois \u00bb, en particulier lorsqu\u2019il s\u2019agit de diffuser de faux discours portant atteinte &hellip;<\/p>\n","protected":false},"author":2,"featured_media":11106,"comment_status":"open","ping_status":"open","sticky":false,"template":"","format":"standard","meta":{"footnotes":""},"categories":[18,31],"tags":[],"class_list":["post-17892","post","type-post","status-publish","format-standard","has-post-thumbnail","hentry","category-actualites","category-politique-et-reportages"],"_links":{"self":[{"href":"https:\/\/ladepeche.mr\/index.php?rest_route=\/wp\/v2\/posts\/17892","targetHints":{"allow":["GET"]}}],"collection":[{"href":"https:\/\/ladepeche.mr\/index.php?rest_route=\/wp\/v2\/posts"}],"about":[{"href":"https:\/\/ladepeche.mr\/index.php?rest_route=\/wp\/v2\/types\/post"}],"author":[{"embeddable":true,"href":"https:\/\/ladepeche.mr\/index.php?rest_route=\/wp\/v2\/users\/2"}],"replies":[{"embeddable":true,"href":"https:\/\/ladepeche.mr\/index.php?rest_route=%2Fwp%2Fv2%2Fcomments&post=17892"}],"version-history":[{"count":3,"href":"https:\/\/ladepeche.mr\/index.php?rest_route=\/wp\/v2\/posts\/17892\/revisions"}],"predecessor-version":[{"id":17895,"href":"https:\/\/ladepeche.mr\/index.php?rest_route=\/wp\/v2\/posts\/17892\/revisions\/17895"}],"wp:featuredmedia":[{"embeddable":true,"href":"https:\/\/ladepeche.mr\/index.php?rest_route=\/wp\/v2\/media\/11106"}],"wp:attachment":[{"href":"https:\/\/ladepeche.mr\/index.php?rest_route=%2Fwp%2Fv2%2Fmedia&parent=17892"}],"wp:term":[{"taxonomy":"category","embeddable":true,"href":"https:\/\/ladepeche.mr\/index.php?rest_route=%2Fwp%2Fv2%2Fcategories&post=17892"},{"taxonomy":"post_tag","embeddable":true,"href":"https:\/\/ladepeche.mr\/index.php?rest_route=%2Fwp%2Fv2%2Ftags&post=17892"}],"curies":[{"name":"wp","href":"https:\/\/api.w.org\/{rel}","templated":true}]}}