{"id":17899,"date":"2025-09-03T13:29:05","date_gmt":"2025-09-03T13:29:05","guid":{"rendered":"https:\/\/ladepeche.mr\/?p=17899"},"modified":"2025-09-03T13:29:05","modified_gmt":"2025-09-03T13:29:05","slug":"migrants-le-rapporteur-special-des-nu-sur-le-terrain-evaluer-les-efforts-deployes-par-les-autorites","status":"publish","type":"post","link":"https:\/\/ladepeche.mr\/?p=17899","title":{"rendered":"Migrants: le rapporteur sp\u00e9cial des NU sur le terrain \u00e9valuer les efforts d\u00e9ploy\u00e9s par les autorit\u00e9s"},"content":{"rendered":"<p>Le Rapporteur sp\u00e9cial des Nations Unies sur les droits de l\u2019homme des migrants, Jihad Madi, a entam\u00e9 ce mardi une visite officielle en Mauritanie, avec une premi\u00e8re \u00e9tape au si\u00e8ge de l\u2019Autorit\u00e9 nationale de lutte contre la traite des personnes et le trafic de migrants, \u00e0 Nouakchott.<\/p>\n<p>Re\u00e7u par le directeur de l\u2019Autorit\u00e9, Cheikh Tourad Ould Abdel Maleck, l\u2019expert onusien a assist\u00e9 \u00e0 une s\u00e9ance de travail au cours de laquelle un expos\u00e9 lui a \u00e9t\u00e9 pr\u00e9sent\u00e9 sur les missions de l\u2019institution et les efforts men\u00e9s en mati\u00e8re de protection des migrants victimes de trafic et de lutte contre la traite des personnes.<\/p>\n<p>Cette visite, qui se poursuivra jusqu\u2019au 12 septembre, vise \u00e0 \u00e9valuer les lois, politiques et pratiques en vigueur en Mauritanie et leur impact sur les droits des migrants.<\/p>\n<p>Le Rapporteur doit se rendre \u00e0 Nouadhibou et S\u00e9libaby, et rencontrer les autorit\u00e9s administratives, s\u00e9curitaires et judiciaires, ainsi que des institutions nationales de d\u00e9fense des droits humains, des agences onusiennes et des organisations de la soci\u00e9t\u00e9 civile. Des visites de centres de d\u00e9tention et d\u2019installations d\u2019accueil temporaire sont \u00e9galement pr\u00e9vues.<br \/>\n(avec Ami)<\/p>\n","protected":false},"excerpt":{"rendered":"<p>Le Rapporteur sp\u00e9cial des Nations Unies sur les droits de l\u2019homme des migrants, Jihad Madi, a entam\u00e9 ce mardi une visite officielle en Mauritanie, avec une premi\u00e8re \u00e9tape au si\u00e8ge de l\u2019Autorit\u00e9 nationale de lutte contre la traite des personnes et le trafic de migrants, \u00e0 Nouakchott. Re\u00e7u par le directeur de l\u2019Autorit\u00e9, Cheikh Tourad &hellip;<\/p>\n","protected":false},"author":2,"featured_media":17900,"comment_status":"open","ping_status":"open","sticky":false,"template":"","format":"standard","meta":{"footnotes":""},"categories":[18,29],"tags":[],"class_list":["post-17899","post","type-post","status-publish","format-standard","has-post-thumbnail","hentry","category-actualites","category-monde"],"_links":{"self":[{"href":"https:\/\/ladepeche.mr\/index.php?rest_route=\/wp\/v2\/posts\/17899","targetHints":{"allow":["GET"]}}],"collection":[{"href":"https:\/\/ladepeche.mr\/index.php?rest_route=\/wp\/v2\/posts"}],"about":[{"href":"https:\/\/ladepeche.mr\/index.php?rest_route=\/wp\/v2\/types\/post"}],"author":[{"embeddable":true,"href":"https:\/\/ladepeche.mr\/index.php?rest_route=\/wp\/v2\/users\/2"}],"replies":[{"embeddable":true,"href":"https:\/\/ladepeche.mr\/index.php?rest_route=%2Fwp%2Fv2%2Fcomments&post=17899"}],"version-history":[{"count":1,"href":"https:\/\/ladepeche.mr\/index.php?rest_route=\/wp\/v2\/posts\/17899\/revisions"}],"predecessor-version":[{"id":17901,"href":"https:\/\/ladepeche.mr\/index.php?rest_route=\/wp\/v2\/posts\/17899\/revisions\/17901"}],"wp:featuredmedia":[{"embeddable":true,"href":"https:\/\/ladepeche.mr\/index.php?rest_route=\/wp\/v2\/media\/17900"}],"wp:attachment":[{"href":"https:\/\/ladepeche.mr\/index.php?rest_route=%2Fwp%2Fv2%2Fmedia&parent=17899"}],"wp:term":[{"taxonomy":"category","embeddable":true,"href":"https:\/\/ladepeche.mr\/index.php?rest_route=%2Fwp%2Fv2%2Fcategories&post=17899"},{"taxonomy":"post_tag","embeddable":true,"href":"https:\/\/ladepeche.mr\/index.php?rest_route=%2Fwp%2Fv2%2Ftags&post=17899"}],"curies":[{"name":"wp","href":"https:\/\/api.w.org\/{rel}","templated":true}]}}