{"id":17902,"date":"2025-09-03T13:52:17","date_gmt":"2025-09-03T13:52:17","guid":{"rendered":"https:\/\/ladepeche.mr\/?p=17902"},"modified":"2025-09-03T13:52:17","modified_gmt":"2025-09-03T13:52:17","slug":"cooperation-bilaterale-le-burkina-faso-et-la-federation-de-russie-engages-a-renforcer-le-cadre-juridique-de-leurs-relations","status":"publish","type":"post","link":"https:\/\/ladepeche.mr\/?p=17902","title":{"rendered":"Coop\u00e9ration bilat\u00e9rale : le Burkina Faso et la F\u00e9d\u00e9ration de Russie engag\u00e9s \u00e0 renforcer le cadre juridique de leurs relations"},"content":{"rendered":"<p>Le Ministre des Affaires \u00e9trang\u00e8res, de la Coop\u00e9ration r\u00e9gionale et des Burkinab\u00e8 de L&#8217;ext\u00e9rieur, Son Excellence Monsieur Karamoko Jean Marie TRAORE, a re\u00e7u en audience ce lundi 1er septembre 2025, Son Excellence Monsieur Igor MARTYNOV, Ambassadeur de la F\u00e9d\u00e9ration de Russie au Burkina Faso.<\/p>\n<p>Cette rencontre a offert l&#8217;occasion aux deux personnalit\u00e9s de passer en revue l&#8217;\u00e9tat de la coop\u00e9ration bilat\u00e9rale et d&#8217;examiner les perspectives de son renforcement, aussi bien dans le cadre des relations directes entre Ouagadougou et Moscou que dans celui, plus \u00e9largi, des pays membres de la Conf\u00e9d\u00e9ration des \u00c9tats du Sahel.<\/p>\n<p>Au c\u0153ur des \u00e9changes figurait la n\u00e9cessit\u00e9 de consolider la base juridique qui encadre les accords de coop\u00e9ration.<\/p>\n<p>Les discussions ont notamment port\u00e9 sur la signature prochaine dun accord instituant une commission intergouvernementale entre les deux minist\u00e8res des Affaires \u00e9trang\u00e8res.<\/p>\n<p>Cette instance de haut niveau sera charg\u00e9e de mieux structurer et de dynamiser les partenariats strat\u00e9giques, en mettant l&#8217;accent sur des secteurs prioritaires tels que l&#8217;\u00e9nergie, l&#8217;agriculture et la sant\u00e9.<\/p>\n<p>La future commission, pilot\u00e9e par les Secr\u00e9taires g\u00e9n\u00e9raux des deux minist\u00e8res assurera la coordination des actions conjointes.<\/p>\n<p>\u00ab C&#8217;est un m\u00e9canisme de relations bilat\u00e9rales essentiel, qui permettra non seulement de d\u00e9velopper la coop\u00e9ration \u00e9conomique et militaire, mais aussi de garantir un meilleur suivi de nos engagements \u00bb, a d\u00e9clar\u00e9 Son Excellence Igor MARTYNOV \u00e0 l&#8217;issue de l&#8217;audience.<\/p>\n<p>Les deux parties ont \u00e9galement salu\u00e9 la vitalit\u00e9 des \u00e9changes culturels. Le Ministre Karamoko Jean Marie TRAORE et L&#8217;ambassadeur Igor MARTYNOV se sont f\u00e9licit\u00e9s de la participation du Burkina Faso au festival musical organis\u00e9 r\u00e9cemment \u00e0 Moscou, t\u00e9moignant de l&#8217;excellence de la coop\u00e9ration culturelle.<\/p>\n<p>Dans la continuit\u00e9, une troupe artistique russe sera prochainement accueillie au Burkina Faso afin de partager avec le public burkinab\u00e8 la richesse et la diversit\u00e9 de la culture russe.<\/p>\n<p>Au-del\u00e0 de la culture, le Burkina Faso et la F\u00e9d\u00e9ration de Russie entendent multiplier les initiatives conjointes et franchir de nouvelles \u00e9tapes dans leur partenariat, \u00e0 travers l&#8217;organisation r\u00e9guli\u00e8re de rencontres bilat\u00e9rales.<\/p>\n<p>Ces \u00e9changes traduisent la volont\u00e9 commune des deux pays de b\u00e2tir une coop\u00e9ration diversifi\u00e9e, \u00e9quilibr\u00e9e et mutuellement avantageuse, fond\u00e9e sur le respect, la confiance et l&#8217;amiti\u00e9.<\/p>\n<p>Agence d&#8217;Information du Burkina <\/p>\n<p>Source : DCRP\/MAECR-BE<\/p>\n<p>Provided by SyndiGate Media Inc. (Syndigate.info).<\/p>\n","protected":false},"excerpt":{"rendered":"<p>Le Ministre des Affaires \u00e9trang\u00e8res, de la Coop\u00e9ration r\u00e9gionale et des Burkinab\u00e8 de L&#8217;ext\u00e9rieur, Son Excellence Monsieur Karamoko Jean Marie TRAORE, a re\u00e7u en audience ce lundi 1er septembre 2025, Son Excellence Monsieur Igor MARTYNOV, Ambassadeur de la F\u00e9d\u00e9ration de Russie au Burkina Faso. Cette rencontre a offert l&#8217;occasion aux deux personnalit\u00e9s de passer en &hellip;<\/p>\n","protected":false},"author":2,"featured_media":17903,"comment_status":"open","ping_status":"open","sticky":false,"template":"","format":"standard","meta":{"footnotes":""},"categories":[18,29],"tags":[],"class_list":["post-17902","post","type-post","status-publish","format-standard","has-post-thumbnail","hentry","category-actualites","category-monde"],"_links":{"self":[{"href":"https:\/\/ladepeche.mr\/index.php?rest_route=\/wp\/v2\/posts\/17902","targetHints":{"allow":["GET"]}}],"collection":[{"href":"https:\/\/ladepeche.mr\/index.php?rest_route=\/wp\/v2\/posts"}],"about":[{"href":"https:\/\/ladepeche.mr\/index.php?rest_route=\/wp\/v2\/types\/post"}],"author":[{"embeddable":true,"href":"https:\/\/ladepeche.mr\/index.php?rest_route=\/wp\/v2\/users\/2"}],"replies":[{"embeddable":true,"href":"https:\/\/ladepeche.mr\/index.php?rest_route=%2Fwp%2Fv2%2Fcomments&post=17902"}],"version-history":[{"count":1,"href":"https:\/\/ladepeche.mr\/index.php?rest_route=\/wp\/v2\/posts\/17902\/revisions"}],"predecessor-version":[{"id":17904,"href":"https:\/\/ladepeche.mr\/index.php?rest_route=\/wp\/v2\/posts\/17902\/revisions\/17904"}],"wp:featuredmedia":[{"embeddable":true,"href":"https:\/\/ladepeche.mr\/index.php?rest_route=\/wp\/v2\/media\/17903"}],"wp:attachment":[{"href":"https:\/\/ladepeche.mr\/index.php?rest_route=%2Fwp%2Fv2%2Fmedia&parent=17902"}],"wp:term":[{"taxonomy":"category","embeddable":true,"href":"https:\/\/ladepeche.mr\/index.php?rest_route=%2Fwp%2Fv2%2Fcategories&post=17902"},{"taxonomy":"post_tag","embeddable":true,"href":"https:\/\/ladepeche.mr\/index.php?rest_route=%2Fwp%2Fv2%2Ftags&post=17902"}],"curies":[{"name":"wp","href":"https:\/\/api.w.org\/{rel}","templated":true}]}}