{"id":17906,"date":"2025-09-04T12:21:16","date_gmt":"2025-09-04T12:21:16","guid":{"rendered":"https:\/\/ladepeche.mr\/?p=17906"},"modified":"2025-09-04T12:59:11","modified_gmt":"2025-09-04T12:59:11","slug":"le-president-de-la-republique-participe-a-louverture-la-4eme-edition-de-la-foire-commerciale-intra-africaine","status":"publish","type":"post","link":"https:\/\/ladepeche.mr\/?p=17906","title":{"rendered":"Le Pr\u00e9sident de la R\u00e9publique participe \u00e0 l\u2019ouverture de la 4\u00e8me \u00e9dition de la Foire commerciale intra-africaine"},"content":{"rendered":"<p>Le coup d\u2019envoi de la quatri\u00e8me \u00e9dition de la Foire commerciale interafricaine (IATF 2025), plac\u00e9e sous le th\u00e8me \u00ab Passerelle vers de nouvelles opportunit\u00e9s \u00bb, a \u00e9t\u00e9 donn\u00e9 jeudi au Palais des expositions d\u2019Alger, en pr\u00e9sence de Son Excellence le Pr\u00e9sident de la R\u00e9publique, M. Mohamed Ould Cheikh El-Ghazouani, et de plusieurs chefs d\u2019\u00c9tat et de gouvernement africains.<\/p>\n<p>Organis\u00e9e en partenariat entre l\u2019Alg\u00e9rie, la Banque africaine d\u2019Import-export (Afreximbank), la Commission de l\u2019Union africaine (CUA) et le Secr\u00e9tariat de la Zone de libre-\u00e9change continentale africaine (ZLECAF), l\u2019exposition accueille plus de 2.000 exposants de quelque 140 pays, des responsables gouvernementaux, des hommes d\u2019affaires et des investisseurs du continent africain et d\u2019ailleurs.<\/p>\n<p>L\u2019exposition vise \u00e0 promouvoir l\u2019int\u00e9gration \u00e9conomique africaine, \u00e0 soutenir la mise en \u0153uvre de l\u2019accord de libre-\u00e9change continental, \u00e0 encourager les flux d\u2019investissements, \u00e0 d\u00e9velopper les partenariats public-priv\u00e9 et \u00e0 permettre aux entreprises africaines d\u2019acc\u00e9der aux march\u00e9s continentaux et internationaux. Elle vise \u00e9galement \u00e0 renforcer les capacit\u00e9s des entrepreneurs et des jeunes entreprises et \u00e0 mettre en lumi\u00e8re les secteurs prometteurs du continent, tels que l\u2019agriculture, l\u2019industrie, l\u2019\u00e9nergie, les transports, la technologie et les industries cr\u00e9atives.<\/p>\n<p>Le programme de l\u2019exposition, qui se d\u00e9roule jusqu\u2019au 10 septembre, comprend un forum sur le commerce et l\u2019investissement, un salon de l\u2019automobile africaine, des journ\u00e9es nationales destin\u00e9es \u00e0 pr\u00e9senter les opportunit\u00e9s \u00e9conomiques, ainsi que des \u00e9v\u00e9nements culturels et touristiques. La valeur des transactions devrait d\u00e9passer 44 milliards de dollars.<\/p>\n<p>L\u2019IATF 2025 devrait constituer un jalon essentiel pour stimuler l\u2019int\u00e9gration \u00e9conomique africaine et acc\u00e9l\u00e9rer la transformation \u00e9conomique du continent en r\u00e9unissant les d\u00e9cideurs politiques, les institutions financi\u00e8res, les entreprises et les investisseurs sur une m\u00eame plateforme afin de favoriser la collaboration et le partenariat.<br \/>\nAmi<\/p>\n","protected":false},"excerpt":{"rendered":"<p>Le coup d\u2019envoi de la quatri\u00e8me \u00e9dition de la Foire commerciale interafricaine (IATF 2025), plac\u00e9e sous le th\u00e8me \u00ab Passerelle vers de nouvelles opportunit\u00e9s \u00bb, a \u00e9t\u00e9 donn\u00e9 jeudi au Palais des expositions d\u2019Alger, en pr\u00e9sence de Son Excellence le Pr\u00e9sident de la R\u00e9publique, M. Mohamed Ould Cheikh El-Ghazouani, et de plusieurs chefs d\u2019\u00c9tat et &hellip;<\/p>\n","protected":false},"author":2,"featured_media":17907,"comment_status":"open","ping_status":"open","sticky":false,"template":"","format":"standard","meta":{"footnotes":""},"categories":[18,29],"tags":[],"class_list":["post-17906","post","type-post","status-publish","format-standard","has-post-thumbnail","hentry","category-actualites","category-monde"],"_links":{"self":[{"href":"https:\/\/ladepeche.mr\/index.php?rest_route=\/wp\/v2\/posts\/17906","targetHints":{"allow":["GET"]}}],"collection":[{"href":"https:\/\/ladepeche.mr\/index.php?rest_route=\/wp\/v2\/posts"}],"about":[{"href":"https:\/\/ladepeche.mr\/index.php?rest_route=\/wp\/v2\/types\/post"}],"author":[{"embeddable":true,"href":"https:\/\/ladepeche.mr\/index.php?rest_route=\/wp\/v2\/users\/2"}],"replies":[{"embeddable":true,"href":"https:\/\/ladepeche.mr\/index.php?rest_route=%2Fwp%2Fv2%2Fcomments&post=17906"}],"version-history":[{"count":2,"href":"https:\/\/ladepeche.mr\/index.php?rest_route=\/wp\/v2\/posts\/17906\/revisions"}],"predecessor-version":[{"id":17913,"href":"https:\/\/ladepeche.mr\/index.php?rest_route=\/wp\/v2\/posts\/17906\/revisions\/17913"}],"wp:featuredmedia":[{"embeddable":true,"href":"https:\/\/ladepeche.mr\/index.php?rest_route=\/wp\/v2\/media\/17907"}],"wp:attachment":[{"href":"https:\/\/ladepeche.mr\/index.php?rest_route=%2Fwp%2Fv2%2Fmedia&parent=17906"}],"wp:term":[{"taxonomy":"category","embeddable":true,"href":"https:\/\/ladepeche.mr\/index.php?rest_route=%2Fwp%2Fv2%2Fcategories&post=17906"},{"taxonomy":"post_tag","embeddable":true,"href":"https:\/\/ladepeche.mr\/index.php?rest_route=%2Fwp%2Fv2%2Ftags&post=17906"}],"curies":[{"name":"wp","href":"https:\/\/api.w.org\/{rel}","templated":true}]}}