{"id":17914,"date":"2025-09-04T13:14:06","date_gmt":"2025-09-04T13:14:06","guid":{"rendered":"https:\/\/ladepeche.mr\/?p=17914"},"modified":"2025-09-04T13:14:06","modified_gmt":"2025-09-04T13:14:06","slug":"execution-des-grands-projets-le-pm-exige-des-tutelles-concernees-de-rappeler-a-lordre-les-entreprises-defaillantes","status":"publish","type":"post","link":"https:\/\/ladepeche.mr\/?p=17914","title":{"rendered":"Ex\u00e9cution des grands projets: Le PM exige des tutelles concern\u00e9es \u00ab de rappeler \u00e0 l\u2019ordre \u00bb les entreprises d\u00e9faillantes"},"content":{"rendered":"<p>Le Premier ministre mauritanien El Moctar Ould Djay a exig\u00e9 des minist\u00e8res de tutelle \u00ab de rappeler \u00e0 l\u2019ordre \u00bb les entreprises d\u00e9faillantes dans l\u2019ex\u00e9cution des projets qu\u2019il leur sont confi\u00e9s.<br \/>\nLe premier ministre s\u2019exprimait mercredi \u00e0 l\u2019occasion d\u2019une r\u00e9union du comit\u00e9 minist\u00e9riel charg\u00e9 du suivi des grands projets, apprend-on de source officielle.<br \/>\nLa r\u00e9union a port\u00e9 sur l\u2019\u00e9valuation de l\u2019\u00e9tat d\u2019avancement des projets au cours des mois de juillet et ao\u00fbt. Les autorit\u00e9s ont jug\u00e9 les progr\u00e8s globalement satisfaisants, malgr\u00e9 des retards ponctuels dus aux pr\u00e9cipitations enregistr\u00e9es pendant la saison des pluies.<br \/>\nSelon les donn\u00e9es pr\u00e9sent\u00e9es, le programme de d\u00e9veloppement de la capitale a d\u00e9pass\u00e9 50 % d\u2019ex\u00e9cution, alors que les d\u00e9lais consomm\u00e9s restent inf\u00e9rieurs \u00e0 44 %.<br \/>\nIl a \u00e9galement insist\u00e9 sur la n\u00e9cessit\u00e9 de renforcer les m\u00e9canismes de suivi et de contr\u00f4le, conform\u00e9ment aux instructions du pr\u00e9sident Mohamed Ould Cheikh El Ghazouani, pour assurer le respect des normes techniques et la bonne ex\u00e9cution des projets.<\/p>\n","protected":false},"excerpt":{"rendered":"<p>Le Premier ministre mauritanien El Moctar Ould Djay a exig\u00e9 des minist\u00e8res de tutelle \u00ab de rappeler \u00e0 l\u2019ordre \u00bb les entreprises d\u00e9faillantes dans l\u2019ex\u00e9cution des projets qu\u2019il leur sont confi\u00e9s. Le premier ministre s\u2019exprimait mercredi \u00e0 l\u2019occasion d\u2019une r\u00e9union du comit\u00e9 minist\u00e9riel charg\u00e9 du suivi des grands projets, apprend-on de source officielle. La r\u00e9union &hellip;<\/p>\n","protected":false},"author":2,"featured_media":17915,"comment_status":"open","ping_status":"open","sticky":false,"template":"","format":"standard","meta":{"footnotes":""},"categories":[18,2],"tags":[],"class_list":["post-17914","post","type-post","status-publish","format-standard","has-post-thumbnail","hentry","category-actualites","category-economie"],"_links":{"self":[{"href":"https:\/\/ladepeche.mr\/index.php?rest_route=\/wp\/v2\/posts\/17914","targetHints":{"allow":["GET"]}}],"collection":[{"href":"https:\/\/ladepeche.mr\/index.php?rest_route=\/wp\/v2\/posts"}],"about":[{"href":"https:\/\/ladepeche.mr\/index.php?rest_route=\/wp\/v2\/types\/post"}],"author":[{"embeddable":true,"href":"https:\/\/ladepeche.mr\/index.php?rest_route=\/wp\/v2\/users\/2"}],"replies":[{"embeddable":true,"href":"https:\/\/ladepeche.mr\/index.php?rest_route=%2Fwp%2Fv2%2Fcomments&post=17914"}],"version-history":[{"count":1,"href":"https:\/\/ladepeche.mr\/index.php?rest_route=\/wp\/v2\/posts\/17914\/revisions"}],"predecessor-version":[{"id":17916,"href":"https:\/\/ladepeche.mr\/index.php?rest_route=\/wp\/v2\/posts\/17914\/revisions\/17916"}],"wp:featuredmedia":[{"embeddable":true,"href":"https:\/\/ladepeche.mr\/index.php?rest_route=\/wp\/v2\/media\/17915"}],"wp:attachment":[{"href":"https:\/\/ladepeche.mr\/index.php?rest_route=%2Fwp%2Fv2%2Fmedia&parent=17914"}],"wp:term":[{"taxonomy":"category","embeddable":true,"href":"https:\/\/ladepeche.mr\/index.php?rest_route=%2Fwp%2Fv2%2Fcategories&post=17914"},{"taxonomy":"post_tag","embeddable":true,"href":"https:\/\/ladepeche.mr\/index.php?rest_route=%2Fwp%2Fv2%2Ftags&post=17914"}],"curies":[{"name":"wp","href":"https:\/\/api.w.org\/{rel}","templated":true}]}}