{"id":1792,"date":"2022-09-06T11:52:00","date_gmt":"2022-09-06T11:52:00","guid":{"rendered":"https:\/\/ladepeche.mr\/?p=1792"},"modified":"2022-09-06T11:52:46","modified_gmt":"2022-09-06T11:52:46","slug":"mauritanie-allegement-du-protocole-de-controle-sanitaire-a-lentree-en-mauritanie","status":"publish","type":"post","link":"https:\/\/ladepeche.mr\/?p=1792","title":{"rendered":"Mauritanie- All\u00e8gement du protocole de contr\u00f4le sanitaire \u00e0 l\u2019entr\u00e9e dans le pays"},"content":{"rendered":"<p>Les autorit\u00e9s sanitaires mauritaniennes ont d\u00e9cid\u00e9 d\u2019all\u00e9ger le protocole de contr\u00f4le sanitaire \u00e0 l\u2019entr\u00e9e en Mauritanie en raison de la baisse des cas de Covid-19 et d\u2019absence de notification de nouveaux variants en circulation dans le monde, apprend de source officielle.<\/p>\n<p>Ce processus inaugur\u00e9 depuis avril 2022 maintient cependant une prise de temp\u00e9rature sans contact, la pr\u00e9sentation \u00e0 l\u2019arriv\u00e9e de preuve de vaccination d\u2019au moins deux doses et le cas \u00e9ch\u00e9ant la pr\u00e9sentation d\u2019un test PCR datant d\u2019au plus 72 heures.<\/p>\n<p>La situation de la Covi-19 en Mauritanie connait ces derniers temps une accalmie sur le front des infections et de la mortalit\u00e9 des individus.<\/p>\n","protected":false},"excerpt":{"rendered":"<p>Les autorit\u00e9s sanitaires mauritaniennes ont d\u00e9cid\u00e9 d\u2019all\u00e9ger le protocole de contr\u00f4le sanitaire \u00e0 l\u2019entr\u00e9e en Mauritanie en raison de la baisse des cas de Covid-19 et d\u2019absence de notification de nouveaux variants en circulation dans le monde, apprend de source officielle. Ce processus inaugur\u00e9 depuis avril 2022 maintient cependant une prise de temp\u00e9rature sans contact, &hellip;<\/p>\n","protected":false},"author":2,"featured_media":1793,"comment_status":"open","ping_status":"open","sticky":false,"template":"","format":"standard","meta":{"footnotes":""},"categories":[18,27],"tags":[],"class_list":["post-1792","post","type-post","status-publish","format-standard","has-post-thumbnail","hentry","category-actualites","category-sante"],"_links":{"self":[{"href":"https:\/\/ladepeche.mr\/index.php?rest_route=\/wp\/v2\/posts\/1792","targetHints":{"allow":["GET"]}}],"collection":[{"href":"https:\/\/ladepeche.mr\/index.php?rest_route=\/wp\/v2\/posts"}],"about":[{"href":"https:\/\/ladepeche.mr\/index.php?rest_route=\/wp\/v2\/types\/post"}],"author":[{"embeddable":true,"href":"https:\/\/ladepeche.mr\/index.php?rest_route=\/wp\/v2\/users\/2"}],"replies":[{"embeddable":true,"href":"https:\/\/ladepeche.mr\/index.php?rest_route=%2Fwp%2Fv2%2Fcomments&post=1792"}],"version-history":[{"count":2,"href":"https:\/\/ladepeche.mr\/index.php?rest_route=\/wp\/v2\/posts\/1792\/revisions"}],"predecessor-version":[{"id":1795,"href":"https:\/\/ladepeche.mr\/index.php?rest_route=\/wp\/v2\/posts\/1792\/revisions\/1795"}],"wp:featuredmedia":[{"embeddable":true,"href":"https:\/\/ladepeche.mr\/index.php?rest_route=\/wp\/v2\/media\/1793"}],"wp:attachment":[{"href":"https:\/\/ladepeche.mr\/index.php?rest_route=%2Fwp%2Fv2%2Fmedia&parent=1792"}],"wp:term":[{"taxonomy":"category","embeddable":true,"href":"https:\/\/ladepeche.mr\/index.php?rest_route=%2Fwp%2Fv2%2Fcategories&post=1792"},{"taxonomy":"post_tag","embeddable":true,"href":"https:\/\/ladepeche.mr\/index.php?rest_route=%2Fwp%2Fv2%2Ftags&post=1792"}],"curies":[{"name":"wp","href":"https:\/\/api.w.org\/{rel}","templated":true}]}}