{"id":17928,"date":"2025-09-04T15:00:14","date_gmt":"2025-09-04T15:00:14","guid":{"rendered":"https:\/\/ladepeche.mr\/?p=17928"},"modified":"2025-09-04T14:53:13","modified_gmt":"2025-09-04T14:53:13","slug":"mostra-de-venise-lequipe-du-film-the-voice-of-hind-rajab-condamne-la-deshumanisation-a-gaza","status":"publish","type":"post","link":"https:\/\/ladepeche.mr\/?p=17928","title":{"rendered":"Mostra de Venise : l&#8217;\u00e9quipe du film &#8220;The Voice of Hind Rajab&#8221; condamne la &#8220;d\u00e9shumanisation&#8221; \u00e0 Gaza"},"content":{"rendered":"<p>Mercredi, \u00e0 la Mostra de Venise, les r\u00e9alisateurs de &#8220;The Voice of Hind Rajab&#8221; ont lanc\u00e9 un appel \u00e9mouvant pour mettre fin \u00e0 la violence \u00e0 Gaza.<\/p>\n<p>Parlant au nom de l&#8217;\u00e9quipe du film, l&#8217;actrice Saja Kilani a demand\u00e9 : &#8220;N&#8217;est-ce pas suffisant ? Assez des massacres, de la famine, de la d\u00e9shumanisation, de la destruction, de l&#8217;occupation continue ?&#8221; Elle a exhort\u00e9 \u00e0 la paix &#8220;pas demain, pas un jour, maintenant.&#8221;<br \/>\nLe film, \u00e9crit et r\u00e9alis\u00e9 par Ben Hania, raconte l&#8217;histoire de Hind Rajab, cinq ans, tu\u00e9e aux c\u00f4t\u00e9s de proches \u00e0 Gaza en 2024. Produit avec le soutien de Brad Pitt, Joaquin Phoenix et Alfonso Cuar\u00f3n, le drame est pr\u00e9sent\u00e9 en comp\u00e9tition pour le Lion d&#8217;or.<br \/>\nhttps:\/\/www.msn.com\/fr-xl\/divertissement\/cinema\/mostra-de-venise-l-%C3%A9quipe-du-film-the-voice-of-hind-rajab-condamne-la-d%C3%A9shumanisation-%C3%A0-gaza\/ar-AA1LQZ8i?ocid=msedgdhp&#038;pc=U531&#038;cvid=962cb675755c4097b287c95f979ac280&#038;ei=63<\/p>\n","protected":false},"excerpt":{"rendered":"<p>Mercredi, \u00e0 la Mostra de Venise, les r\u00e9alisateurs de &#8220;The Voice of Hind Rajab&#8221; ont lanc\u00e9 un appel \u00e9mouvant pour mettre fin \u00e0 la violence \u00e0 Gaza. Parlant au nom de l&#8217;\u00e9quipe du film, l&#8217;actrice Saja Kilani a demand\u00e9 : &#8220;N&#8217;est-ce pas suffisant ? Assez des massacres, de la famine, de la d\u00e9shumanisation, de la &hellip;<\/p>\n","protected":false},"author":2,"featured_media":17929,"comment_status":"open","ping_status":"open","sticky":false,"template":"","format":"standard","meta":{"footnotes":""},"categories":[18,29],"tags":[],"class_list":["post-17928","post","type-post","status-publish","format-standard","has-post-thumbnail","hentry","category-actualites","category-monde"],"_links":{"self":[{"href":"https:\/\/ladepeche.mr\/index.php?rest_route=\/wp\/v2\/posts\/17928","targetHints":{"allow":["GET"]}}],"collection":[{"href":"https:\/\/ladepeche.mr\/index.php?rest_route=\/wp\/v2\/posts"}],"about":[{"href":"https:\/\/ladepeche.mr\/index.php?rest_route=\/wp\/v2\/types\/post"}],"author":[{"embeddable":true,"href":"https:\/\/ladepeche.mr\/index.php?rest_route=\/wp\/v2\/users\/2"}],"replies":[{"embeddable":true,"href":"https:\/\/ladepeche.mr\/index.php?rest_route=%2Fwp%2Fv2%2Fcomments&post=17928"}],"version-history":[{"count":1,"href":"https:\/\/ladepeche.mr\/index.php?rest_route=\/wp\/v2\/posts\/17928\/revisions"}],"predecessor-version":[{"id":17930,"href":"https:\/\/ladepeche.mr\/index.php?rest_route=\/wp\/v2\/posts\/17928\/revisions\/17930"}],"wp:featuredmedia":[{"embeddable":true,"href":"https:\/\/ladepeche.mr\/index.php?rest_route=\/wp\/v2\/media\/17929"}],"wp:attachment":[{"href":"https:\/\/ladepeche.mr\/index.php?rest_route=%2Fwp%2Fv2%2Fmedia&parent=17928"}],"wp:term":[{"taxonomy":"category","embeddable":true,"href":"https:\/\/ladepeche.mr\/index.php?rest_route=%2Fwp%2Fv2%2Fcategories&post=17928"},{"taxonomy":"post_tag","embeddable":true,"href":"https:\/\/ladepeche.mr\/index.php?rest_route=%2Fwp%2Fv2%2Ftags&post=17928"}],"curies":[{"name":"wp","href":"https:\/\/api.w.org\/{rel}","templated":true}]}}