{"id":17942,"date":"2025-09-06T12:42:40","date_gmt":"2025-09-06T12:42:40","guid":{"rendered":"https:\/\/ladepeche.mr\/?p=17942"},"modified":"2025-09-06T12:48:55","modified_gmt":"2025-09-06T12:48:55","slug":"registre-social-de-taazour-un-tri-sur-mesure","status":"publish","type":"post","link":"https:\/\/ladepeche.mr\/?p=17942","title":{"rendered":"Registre social de Taazour: un tri sur mesure !"},"content":{"rendered":"<p>Quelle pertinence, quelle transparence et quelles cons\u00e9quences sociales a la nouvelle r\u00e9vision du registre social de Taazour?<\/p>\n<p>Pr\u00e9sent\u00e9e en apart\u00e9, la r\u00e9vision du registre social cache mal les probl\u00e8mes de fonds d&#8217;une administration incapable de plus en plus de sortir des vieux reflexes. Loin de rassurer les populations, les explications \u00e0 ce toilettage du registre font grincer des dents. Les interrogations fusent, en effet, depuis que la D\u00e9l\u00e9gation g\u00e9n\u00e9rale \u00e0 la Solidarit\u00e9 nationale et \u00e0 la Lutte contre l\u2019Exclusion (Taazour) a annonc\u00e9 une nouvelle r\u00e9vision dans le registre social, visant \u00e0 retirer les familles ayant d\u00e9pass\u00e9 le seuil de pauvret\u00e9 pour faire place aux m\u00e9nages jug\u00e9s \u00ab plus pauvres et plus vuln\u00e9rables \u00bb. Taazour argue \u00e0 l\u2019occasion de crit\u00e8res &#8220;scientifiques&#8221;. Pour l\u2019heure l\u2019opacit\u00e9 est totale.<\/p>\n<p>Le pr\u00e9sident Ghazouani a depuis longtemps enfourch\u00e9 le cheval de bataille contre la promiscuit\u00e9 des conditions de vie de ses compatriotes. Un engagement qui remonte \u00e0 son premier mandat qui a vu la cr\u00e9ation de l\u2019Agence Taazour. Cr\u00e9\u00e9e en 2019, un d\u00e9cret qui lui conf\u00e8re le pilotage de programmes et projets de lutte contre la pauvret\u00e9, l\u2019exclusion et la marginalisation. Des objectifs qu\u2019elle ne risque pas de r\u00e9aliser si une grande lessive n\u2019y est pas op\u00e9r\u00e9e. <\/p>\n<p><strong>Une r\u00e9vision au go\u00fbt d\u2019exclusion<\/strong><\/p>\n<p>L\u2019Etat y aurait perdu en moyens, en temps et en opportunit\u00e9s irrattrapables. Le sentiment r\u00e9pandu avec la r\u00e9vision actuelle est que l\u2019aide sociale devient un privil\u00e8ge temporaire, et non un droit durable. En effet, Taazour affirme fonder cette r\u00e9vision sur des enqu\u00eates scientifiques men\u00e9es sur plus d\u2019un an \u00e0 travers le pays. Mais quels sont exactement ces crit\u00e8res ? Quelle est la m\u00e9thode utilis\u00e9e pour d\u00e9terminer qu\u2019une famille est sortie de la pauvret\u00e9 ? Dans un pays o\u00f9 les revenus sont largement informels, les conditions de vie tr\u00e8s volatiles, et o\u00f9 le co\u00fbt de la vie ne cesse d\u2019augmenter, le passage au-dessus du seuil de pauvret\u00e9 peut \u00eatre temporaire, voire illusoire. Le recensement d\u00e9j\u00e0 peu orthodoxe au d\u00e9but et marqu\u00e9 par le client\u00e9lisme risque encore de fragiliser les familles en transition pr\u00e9caire sous le fallacieux pr\u00e9texte qu\u2019elles ne sont plus pauvres. Une porte ouverte \u00e0 une nouvelle \u00e8re de n\u00e9potisme et, dans le meilleur des cas, une malgouvernance des deniers publics mobilis\u00e9s pour lutter contre la pauvret\u00e9 dans notre pays. Pire, une telle initiative pourrait m\u00eame consacrer une rupture sociale p\u00e9renne et un cercle vicieux de pauvret\u00e9.<br \/>\nUne logique d\u2019exclusion o\u00f9 beaucoup de familles pourraient retomber dans la pr\u00e9carit\u00e9 sans filet de s\u00e9curit\u00e9, surtout si les autres programmes cens\u00e9s prendre le relais s\u2019av\u00e8rent aussi inefficaces ou insuffisants.<\/p>\n<p><strong>Pas rassurant du tout<\/strong><br \/>\nDerri\u00e8re son discours de mise \u00e0 jour \u00ab juste et transparente \u00bb, Taazour occulte, sans doute, une explication en lien avec les moyens mobilisables pour faire semblant encore de continuer un travail soup\u00e7onn\u00e9 b\u00e2cl\u00e9? En fait, Taazour ne lib\u00e8re pas plus de place aux d\u00e9munis, elle red\u00e9ploie la protection sociale dans d\u2019autres poches sans v\u00e9ritablement d\u00e9raciner le mal.<br \/>\nDe quoi inqui\u00e9ter les citoyens face \u00e0 la &#8220;justice&#8221; car \u00e0 l&#8217;exp\u00e9rience, ces dispositifs sont souvent formels et peu accessibles aux populations les plus marginalis\u00e9es.<\/p>\n<p>Contrairement aux ambitions du pr\u00e9sident pour sortir de l\u2019orni\u00e8re, ce man\u00e8ge risque de multiplier les frustrations, les incompr\u00e9hensions, et le sentiment d\u2019abandon parmi les citoyens qui auront \u00e9t\u00e9 retir\u00e9s du registre sans explication claire ou sans r\u00e9elle alternative.<br \/>\nEn th\u00e9orie, la volont\u00e9 de cibler en priorit\u00e9 les plus vuln\u00e9rables est une orientation coh\u00e9rente. Mais en pratique, cette nouvelle phase du registre social semble moins guid\u00e9e par une vision inclusive du d\u00e9veloppement que par une logique de th\u00e9saurisation des moyens qui ne vont pas tous aux populations. L\u2019obsession de Taazour devrait \u00eatre de renforcer les m\u00e9canismes de suivi, garantir la transparence totale des crit\u00e8res, et surtout, \u00e9tendre les moyens plut\u00f4t que de les redistribuer au compte-gouttes.<\/p>\n","protected":false},"excerpt":{"rendered":"<p>Quelle pertinence, quelle transparence et quelles cons\u00e9quences sociales a la nouvelle r\u00e9vision du registre social de Taazour? Pr\u00e9sent\u00e9e en apart\u00e9, la r\u00e9vision du registre social cache mal les probl\u00e8mes de fonds d&#8217;une administration incapable de plus en plus de sortir des vieux reflexes. Loin de rassurer les populations, les explications \u00e0 ce toilettage du registre &hellip;<\/p>\n","protected":false},"author":2,"featured_media":17943,"comment_status":"open","ping_status":"open","sticky":false,"template":"","format":"standard","meta":{"footnotes":""},"categories":[18,2],"tags":[],"class_list":["post-17942","post","type-post","status-publish","format-standard","has-post-thumbnail","hentry","category-actualites","category-economie"],"_links":{"self":[{"href":"https:\/\/ladepeche.mr\/index.php?rest_route=\/wp\/v2\/posts\/17942","targetHints":{"allow":["GET"]}}],"collection":[{"href":"https:\/\/ladepeche.mr\/index.php?rest_route=\/wp\/v2\/posts"}],"about":[{"href":"https:\/\/ladepeche.mr\/index.php?rest_route=\/wp\/v2\/types\/post"}],"author":[{"embeddable":true,"href":"https:\/\/ladepeche.mr\/index.php?rest_route=\/wp\/v2\/users\/2"}],"replies":[{"embeddable":true,"href":"https:\/\/ladepeche.mr\/index.php?rest_route=%2Fwp%2Fv2%2Fcomments&post=17942"}],"version-history":[{"count":12,"href":"https:\/\/ladepeche.mr\/index.php?rest_route=\/wp\/v2\/posts\/17942\/revisions"}],"predecessor-version":[{"id":17958,"href":"https:\/\/ladepeche.mr\/index.php?rest_route=\/wp\/v2\/posts\/17942\/revisions\/17958"}],"wp:featuredmedia":[{"embeddable":true,"href":"https:\/\/ladepeche.mr\/index.php?rest_route=\/wp\/v2\/media\/17943"}],"wp:attachment":[{"href":"https:\/\/ladepeche.mr\/index.php?rest_route=%2Fwp%2Fv2%2Fmedia&parent=17942"}],"wp:term":[{"taxonomy":"category","embeddable":true,"href":"https:\/\/ladepeche.mr\/index.php?rest_route=%2Fwp%2Fv2%2Fcategories&post=17942"},{"taxonomy":"post_tag","embeddable":true,"href":"https:\/\/ladepeche.mr\/index.php?rest_route=%2Fwp%2Fv2%2Ftags&post=17942"}],"curies":[{"name":"wp","href":"https:\/\/api.w.org\/{rel}","templated":true}]}}