{"id":17971,"date":"2025-09-07T14:03:21","date_gmt":"2025-09-07T14:03:21","guid":{"rendered":"https:\/\/ladepeche.mr\/?p=17971"},"modified":"2025-09-07T14:03:21","modified_gmt":"2025-09-07T14:03:21","slug":"gouvernement-senegalais-des-changements-a-la-justice-a-linterieur-et-aux-affaires-etrangeres","status":"publish","type":"post","link":"https:\/\/ladepeche.mr\/?p=17971","title":{"rendered":"Gouvernement s\u00e9n\u00e9galais : des changements \u00e0 la Justice, \u00e0 l\u2019Int\u00e9rieur et aux Affaires \u00e9trang\u00e8res"},"content":{"rendered":"<p>Le pr\u00e9sident Bassirou Diomaye Faye a form\u00e9, ce samedi 6 septembre, un nouveau gouvernement marqu\u00e9 par les d\u00e9parts des ministres de la Justice et de l\u2019Int\u00e9rieur et la nomination d\u2019un nouveau chef aux Affaires \u00e9trang\u00e8res.<br \/>\nApr\u00e8s la lecture d\u2019un d\u00e9cret \u00e0 la t\u00e9l\u00e9vision publique s\u00e9n\u00e9galaise par le pr\u00e9sident Bassirou Diomaye Faye, les changements \u00e0 la Justice, aux Affaires \u00e9trang\u00e8res et \u00e0 l\u2019Int\u00e9rieur ont \u00e9t\u00e9 d\u00e9voil\u00e9s. Le diplomate Cheikh Niang, ancien ambassadeur aux Nations unies \u00e0 New York et dans plusieurs pays, est le nouveau ministre des Affaires \u00e9trang\u00e8res. Il remplace Yassine Fall, nomm\u00e9e ministre de la Justice \u00e0 la place du magistrat Ousmane Diagne \u2013 qui dirigeait ce d\u00e9partement depuis le premier gouvernement form\u00e9 en avril 2024. Le nouveau ministre de l\u2019Int\u00e9rieur est Mouhamadou Bamba Ciss\u00e9, un avocat du Premier ministre Ousmane Sonko.<\/p>\n<p>\u00ab Ce ne sera pas un gouvernement de vill\u00e9giature mais un gouvernement d\u2019engagement et de combat. Nous serons intransigeants et tr\u00e8s exigeants. [Il faudra] travailler 24 heures sur 24, 7 jours sur 7, compte tenu de la situation dont nous avons h\u00e9rit\u00e9 \u00bb, a d\u00e9clar\u00e9 Ousmane Sonko en allusion au passif, selon lui, de l\u2019administration de l\u2019ex-pr\u00e9sident Macky Sall. Il a expliqu\u00e9 le changement \u00e0 la Justice par le souci que ce d\u00e9partement \u00ab se r\u00e9concilie avec les S\u00e9n\u00e9galais et reconqui\u00e8re (leur) confiance \u00bb.<\/p>\n<p>Objectif, \u00ab souverainiser \u00bb le pays<br \/>\nLe Premier ministre et des franges du parti au pouvoir ont ces derniers temps critiqu\u00e9 notamment les lenteurs, selon eux, dans les enqu\u00eates judiciaires sur les violences ayant fait des dizaines de morts entre 2021 et 2024 et la gestion ant\u00e9rieure.<\/p>\n<p>La nouvelle \u00e9quipe est mise en place alors que le S\u00e9n\u00e9gal est confront\u00e9 \u00e0 une situation \u00e9conomique difficile, marqu\u00e9e par un d\u00e9ficit budg\u00e9taire de 14 % et un encours de la dette publique qui repr\u00e9sente 119 % du PIB. Le taux de ch\u00f4mage est \u00e9valu\u00e9 \u00e0 20 % alors que la pauvret\u00e9 atteint 35,7 % de la population, selon les chiffres officiels.<\/p>\n<p>D\u00e9but ao\u00fbt, le Premier ministre Sonko avait d\u00e9voil\u00e9 un \u00ab plan de redressement \u00e9conomique et social \u00bb cens\u00e9 \u00eatre financ\u00e9 \u00e0 \u00ab 90 % \u00bb par des ressources internes pour \u00ab souverainiser \u00bb le pays, qui m\u00e8ne des discussions avec le Fonds mon\u00e9taire international (FMI) pour un nouveau soutien financier.<\/p>\n<p>Les nouvelles autorit\u00e9s affirment avoir h\u00e9rit\u00e9 d\u2019un lourd passif, selon elles, de l\u2019ex-pr\u00e9sident Sall, accus\u00e9 d\u2019avoir dissimul\u00e9 les vrais chiffres sur des indicateurs cl\u00e9s comme la dette publique et le d\u00e9ficit budg\u00e9taire.<br \/>\nhttps:\/\/www.msn.com\/fr-xl\/actualite\/other\/gouvernement-s%C3%A9n%C3%A9galais-des-changements-%C3%A0-la-justice-%C3%A0-l-int%C3%A9rieur-et-aux-affaires-%C3%A9trang%C3%A8res\/ar-AA1M2LuV?ocid=msedgntp&#038;pc=U531&#038;cvid=68bd897e22db4cf8b18a9a5dc9512709&#038;ei=54<\/p>\n<p>(Avec AFP)<\/p>\n","protected":false},"excerpt":{"rendered":"<p>Le pr\u00e9sident Bassirou Diomaye Faye a form\u00e9, ce samedi 6 septembre, un nouveau gouvernement marqu\u00e9 par les d\u00e9parts des ministres de la Justice et de l\u2019Int\u00e9rieur et la nomination d\u2019un nouveau chef aux Affaires \u00e9trang\u00e8res. Apr\u00e8s la lecture d\u2019un d\u00e9cret \u00e0 la t\u00e9l\u00e9vision publique s\u00e9n\u00e9galaise par le pr\u00e9sident Bassirou Diomaye Faye, les changements \u00e0 la &hellip;<\/p>\n","protected":false},"author":2,"featured_media":17972,"comment_status":"open","ping_status":"open","sticky":false,"template":"","format":"standard","meta":{"footnotes":""},"categories":[18,29],"tags":[],"class_list":["post-17971","post","type-post","status-publish","format-standard","has-post-thumbnail","hentry","category-actualites","category-monde"],"_links":{"self":[{"href":"https:\/\/ladepeche.mr\/index.php?rest_route=\/wp\/v2\/posts\/17971","targetHints":{"allow":["GET"]}}],"collection":[{"href":"https:\/\/ladepeche.mr\/index.php?rest_route=\/wp\/v2\/posts"}],"about":[{"href":"https:\/\/ladepeche.mr\/index.php?rest_route=\/wp\/v2\/types\/post"}],"author":[{"embeddable":true,"href":"https:\/\/ladepeche.mr\/index.php?rest_route=\/wp\/v2\/users\/2"}],"replies":[{"embeddable":true,"href":"https:\/\/ladepeche.mr\/index.php?rest_route=%2Fwp%2Fv2%2Fcomments&post=17971"}],"version-history":[{"count":1,"href":"https:\/\/ladepeche.mr\/index.php?rest_route=\/wp\/v2\/posts\/17971\/revisions"}],"predecessor-version":[{"id":17973,"href":"https:\/\/ladepeche.mr\/index.php?rest_route=\/wp\/v2\/posts\/17971\/revisions\/17973"}],"wp:featuredmedia":[{"embeddable":true,"href":"https:\/\/ladepeche.mr\/index.php?rest_route=\/wp\/v2\/media\/17972"}],"wp:attachment":[{"href":"https:\/\/ladepeche.mr\/index.php?rest_route=%2Fwp%2Fv2%2Fmedia&parent=17971"}],"wp:term":[{"taxonomy":"category","embeddable":true,"href":"https:\/\/ladepeche.mr\/index.php?rest_route=%2Fwp%2Fv2%2Fcategories&post=17971"},{"taxonomy":"post_tag","embeddable":true,"href":"https:\/\/ladepeche.mr\/index.php?rest_route=%2Fwp%2Fv2%2Ftags&post=17971"}],"curies":[{"name":"wp","href":"https:\/\/api.w.org\/{rel}","templated":true}]}}