{"id":17975,"date":"2025-09-08T12:39:29","date_gmt":"2025-09-08T12:39:29","guid":{"rendered":"https:\/\/ladepeche.mr\/?p=17975"},"modified":"2025-09-08T12:39:29","modified_gmt":"2025-09-08T12:39:29","slug":"mali-a-segou-les-populations-deplacees-suite-a-la-hausse-des-violences","status":"publish","type":"post","link":"https:\/\/ladepeche.mr\/?p=17975","title":{"rendered":"Mali : \u00e0 S\u00e9gou, les populations d\u00e9plac\u00e9es suite \u00e0 la hausse des violences"},"content":{"rendered":"<p>Dans la r\u00e9gion de S\u00e9gou, au centre du Mali, les civils se d\u00e9placent en masse apr\u00e8s plusieurs attaques men\u00e9es par le groupe de soutien \u00e0 l\u2019islam et aux musulmans (JNIM). <\/p>\n<p>La semaine derni\u00e8re, dans la localit\u00e9 de Farabougou, toujours dans la m\u00eame r\u00e9gion, un assaut violent avait \u00e9t\u00e9 perp\u00e9tr\u00e9 par ce groupe terroriste. Depuis, les habitants s&#8217;exilent dans les localit\u00e9s voisines jusqu\u2019ici \u00e9pargn\u00e9es par ces violences.<\/p>\n<p>Le groupe terroriste affili\u00e9 \u00e0 Al-Qa\u00efda s\u2019est empar\u00e9 de plusieurs localit\u00e9s malgr\u00e9 l\u2019intervention de l\u2019arm\u00e9e dont ils ont r\u00e9cup\u00e9r\u00e9 une partie du mat\u00e9riel qu\u2019ils exhibent fi\u00e8rement. <\/p>\n<p>Pendant ce temps, les \u00e9lus locaux inquiets de voir la situation empirer appellent le pouvoir militaire \u00e0 riposter pour reprendre le contr\u00f4le. <\/p>\n<p>Ce n\u2019est pas la premi\u00e8re fois que la r\u00e9gion est la cible du Jnim. En 2020, la Katiba Macina, affili\u00e9e au Groupe de soutien \u00e0 l\u2019islam et aux musulmans, avait d\u00e9j\u00e0 install\u00e9 un blocus autour de Farabougou. Un accord de cessez-le-feu avait \u00e9t\u00e9 sign\u00e9 en 2021, mais celui-ci a \u00e9t\u00e9 outrepass\u00e9 \u00e0 plusieurs reprises depuis cette date.<br \/>\nhttps:\/\/www.msn.com\/fr-xl\/actualite\/other\/mali-%C3%A0-s%C3%A9gou-les-populations-d%C3%A9plac%C3%A9es-suite-%C3%A0-la-hausse-des-violences\/ar-AA1Lbj9i?ocid=msedgntp&#038;pc=U531&#038;cvid=68beccd220414745bade32be7b522e0d&#038;ei=16<\/p>\n","protected":false},"excerpt":{"rendered":"<p>Dans la r\u00e9gion de S\u00e9gou, au centre du Mali, les civils se d\u00e9placent en masse apr\u00e8s plusieurs attaques men\u00e9es par le groupe de soutien \u00e0 l\u2019islam et aux musulmans (JNIM). La semaine derni\u00e8re, dans la localit\u00e9 de Farabougou, toujours dans la m\u00eame r\u00e9gion, un assaut violent avait \u00e9t\u00e9 perp\u00e9tr\u00e9 par ce groupe terroriste. Depuis, les &hellip;<\/p>\n","protected":false},"author":2,"featured_media":17976,"comment_status":"open","ping_status":"open","sticky":false,"template":"","format":"standard","meta":{"footnotes":""},"categories":[18,29],"tags":[],"class_list":["post-17975","post","type-post","status-publish","format-standard","has-post-thumbnail","hentry","category-actualites","category-monde"],"_links":{"self":[{"href":"https:\/\/ladepeche.mr\/index.php?rest_route=\/wp\/v2\/posts\/17975","targetHints":{"allow":["GET"]}}],"collection":[{"href":"https:\/\/ladepeche.mr\/index.php?rest_route=\/wp\/v2\/posts"}],"about":[{"href":"https:\/\/ladepeche.mr\/index.php?rest_route=\/wp\/v2\/types\/post"}],"author":[{"embeddable":true,"href":"https:\/\/ladepeche.mr\/index.php?rest_route=\/wp\/v2\/users\/2"}],"replies":[{"embeddable":true,"href":"https:\/\/ladepeche.mr\/index.php?rest_route=%2Fwp%2Fv2%2Fcomments&post=17975"}],"version-history":[{"count":1,"href":"https:\/\/ladepeche.mr\/index.php?rest_route=\/wp\/v2\/posts\/17975\/revisions"}],"predecessor-version":[{"id":17977,"href":"https:\/\/ladepeche.mr\/index.php?rest_route=\/wp\/v2\/posts\/17975\/revisions\/17977"}],"wp:featuredmedia":[{"embeddable":true,"href":"https:\/\/ladepeche.mr\/index.php?rest_route=\/wp\/v2\/media\/17976"}],"wp:attachment":[{"href":"https:\/\/ladepeche.mr\/index.php?rest_route=%2Fwp%2Fv2%2Fmedia&parent=17975"}],"wp:term":[{"taxonomy":"category","embeddable":true,"href":"https:\/\/ladepeche.mr\/index.php?rest_route=%2Fwp%2Fv2%2Fcategories&post=17975"},{"taxonomy":"post_tag","embeddable":true,"href":"https:\/\/ladepeche.mr\/index.php?rest_route=%2Fwp%2Fv2%2Ftags&post=17975"}],"curies":[{"name":"wp","href":"https:\/\/api.w.org\/{rel}","templated":true}]}}