{"id":17978,"date":"2025-09-08T16:53:12","date_gmt":"2025-09-08T16:53:12","guid":{"rendered":"https:\/\/ladepeche.mr\/?p=17978"},"modified":"2025-09-08T17:21:46","modified_gmt":"2025-09-08T17:21:46","slug":"convention-collective-du-travail-vivement-un-appel-du-president-de-la-republique-pour-le-respect-de-la-legislation-du-travail","status":"publish","type":"post","link":"https:\/\/ladepeche.mr\/?p=17978","title":{"rendered":"Convention collective du travail : Vivement un appel du Pr\u00e9sident de la R\u00e9publique pour le respect de la l\u00e9gislation du travail"},"content":{"rendered":"<p>Recemment, le Pr\u00e9sident de la R\u00e9publique, M. Mohamed Cheikh El Ghazouani, a lanc\u00e9 un vibrant appel \u00e0 l&#8217;\u00e9lite mauritanienne et \u00e0 tous les citoyens pour qu&#8217;ils valorisent le tourisme local en profitant d&#8217;un hivernage 2025 prometteur. Cet appel, qualifi\u00e9 d&#8217;historique par certains activistes, a \u00e9t\u00e9 largement entendu et suivi, t\u00e9moignant de l&#8217;adh\u00e9sion populaire \u00e0 une vision de partage des flux mon\u00e9taires avec l\u2019int\u00e9rieur du pays. Cependant, dans son sillage, un autre appel, tout aussi crucial, \u00e9mane aujourd&#8217;hui des syndicats des travailleurs : une demande similaire du Chef de l&#8217;\u00c9tat, cette fois pour le respect strict de la l\u00e9gislation du travail, un d\u00e9fi persistant dans le paysage \u00e9conomique mauritanien.<\/p>\n<p><strong>Valoriser le patrimoine touristique : Un appel largement suivi<\/strong><\/p>\n<p>Le premier appel pr\u00e9sidentiel s&#8217;inscrit dans une strat\u00e9gie de promotion du patrimoine naturel et culturel mauritanien. En incitant les nationaux \u00e0 d\u00e9couvrir leur propre pays, le Pr\u00e9sident El Ghazouani cherche \u00e0 stimuler l&#8217;\u00e9conomie locale, \u00e0 cr\u00e9er des emplois dans le secteur des services et \u00e0 renforcer un sentiment de fiert\u00e9 nationale. Le succ\u00e8s de cet appel d\u00e9montre la capacit\u00e9 de mobilisation des Mauritaniens autour d&#8217;un projet collectif et positif. Cette dynamique est essentielle pour construire une image attractive du pays, aussi bien en interne qu&#8217;\u00e0 l&#8217;international.<\/p>\n<p><strong>L&#8217;autre urgence nationale : Le respect des droits des travailleurs<\/strong><\/p>\n<p>Alors que la nation se mobilise pour le tourisme, les syndicats des masses laborieuses, toute ob\u00e9dience confondue, rappellent que le d\u00e9veloppement \u00e9conomique ne peut se faire au d\u00e9triment de la justice sociale. Ils demandent un \u00ab appel similaire \u00bb du Pr\u00e9sident de la R\u00e9publique, cette fois-ci, adress\u00e9 aux op\u00e9rateurs \u00e9conomiques pour le respect de la l\u00e9gislation du travail, souvent bafou\u00e9e.<br \/>\nEn effet, la situation est devenue pr\u00e9occupante. Au-del\u00e0 du vaste secteur informel, caract\u00e9ris\u00e9 par des emplois pr\u00e9caires, une absence de d\u00e9claration \u00e0 la Caisse Nationale de S\u00e9curit\u00e9 Sociale (CNSS) et des conditions de travail difficiles, m\u00eame le secteur formel pr\u00e9sente des lacunes. La formalisation de l&#8217;\u00e9conomie n&#8217;a pas suivi la croissance du secteur tertiaire, laissant de nombreux travailleurs sans protection ad\u00e9quate.<\/p>\n<p><strong>Le cas \u00e9loquent de l&#8217;indemnit\u00e9 de d\u00e9part \u00e0 la retraite (IDR)<\/strong><\/p>\n<p>Le probl\u00e8me de la non-application du droit du travail est parfaitement illustr\u00e9 par le cas de l&#8217;Indemnit\u00e9 de D\u00e9part \u00e0 la Retraite (IDR). L&#8217;article 31 de la Convention collective de travail stipule clairement que l&#8217;IDR doit \u00eatre calcul\u00e9e sur la base de l&#8217;indemnit\u00e9 de licenciement, selon un bar\u00e8me progressif suivant:<br \/>\n-Plus d\u2019un an et moins de 5 ans : 30 % ;<br \/>\n-Plus de 5 ans et moins de 10 ans : 50 % ;<br \/>\n-Plus de 10 ans et moins de 20 ans : 75 % ;<br \/>\n-Plus de 20 ans : 100 %.<br \/>\nDes entreprises comme la SOMAGAZ, la CNSS, le Port Autonome de Nouakchott, la SNDE et la SAMIA, entre autres, respectent scrupuleusement cette r\u00e8gle, gratifiante pour les retrait\u00e9s. Cependant, d&#8217;autres, \u00e0 l&#8217;image de la soci\u00e9t\u00e9 nationale SNIM, la CNAM\u2026adoptent une lecture restrictive et erron\u00e9e de l&#8217;article 31 de la convention collective du travail.<\/p>\n<p><strong>Une application restrictive aux cons\u00e9quences lourdes<\/strong><\/p>\n<p>Dans ce cadre, il n\u2019est pas fortuit de rappeler que la m\u00e9thode de calcul contest\u00e9e de la SNIM et d\u2019autres entreprises consiste \u00e0 n&#8217;appliquer que le pourcentage de la derni\u00e8re tranche d&#8217;anciennet\u00e9, sans cumuler les pourcentages des tranches inf\u00e9rieures. Une pratique qui entra\u00eene des pertes financi\u00e8res consid\u00e9rables pour les retrait\u00e9s:<br \/>\n-Ainsi, un employ\u00e9 avec 9 ans de service ne per\u00e7oit que 50%, au lieu du cumul des 30% et 50% auxquels il devrait avoir droit, soit une perte de 37,5% ;<br \/>\n-Un employ\u00e9 avec 19 ans de service ne per\u00e7oit que 75%, et non le cumul des 30% ; 50% et 75%, entra\u00eenant un manque \u00e0 gagner de 52% ;<br \/>\n-Un v\u00e9t\u00e9ran avec plus de 20 ans de service ne re\u00e7oit que 100%, sans le cumul des 30% ; 50% ; 75% et 100% \u00e0 partir de la 21\u00e8me  ann\u00e9e, ce qui repr\u00e9sente une perte \u00e9norme de pr\u00e8s de 60%.<\/p>\n<p><strong>Un cas embl\u00e9matique : Un gardien \u00e0 la CNSS a touch\u00e9 la m\u00eame IDR qu\u2019un cadre de la SNIM<\/strong><\/p>\n<p>Ce n\u2019est un secret pour personne, il y a quelques ann\u00e9es, un gardien \u00e0 la CNSS en partant \u00e0 la retraite, apr\u00e8s plus de 39 ans de bons et loyaux services, avait touch\u00e9 la m\u00eame IDR qu\u2019un cadre de la SNIM ayant la m\u00eame anciennet\u00e9. Le pot aux roses a \u00e9t\u00e9 mis en \u00e9vidence par un syndicaliste qui a \u00e9t\u00e9 choqu\u00e9 par ce paradoxe sachant qu\u2019un cadre \u00e0 la SNIM touchait un salaire mirobolant par rapport \u00e0 la pitance que recevait ledit gardien. Cet exemple, \u00e0 lui seul, est assez symptomatique de l\u2019inad\u00e9quation de la formule de calcul appliqu\u00e9e par la SNIM.<br \/>\nCette situation a conduit \u00e0 une judiciarisation massive des litiges. En effet, depuis 2010, les tribunaux de Nouakchott sont engorg\u00e9s par pr\u00e8s de 2000 plaintes \u00e9manant des retrait\u00e9s de la SNIM, entachant l&#8217;image de cette entreprise pourtant pr\u00e9sent\u00e9e comme un pilier de l&#8217;\u00e9conomie nationale.<br \/>\nL&#8217;appel du Pr\u00e9sident El Ghazouani pour le tourisme montre la voie d&#8217;une Mauritanie unie autour de projets f\u00e9d\u00e9rateurs. Le m\u00eame \u00e9lan est aujourd&#8217;hui n\u00e9cessaire pour d\u00e9fendre les droits des travailleurs, v\u00e9ritables artisans de la richesse nationale.<br \/>\nIl est urgent que les op\u00e9rateurs \u00e9conomiques, notamment les grandes entreprises comme la SNIM, s\u2019inspirent des bonnes pratiques en vigueur au sein de nombreuses entreprises nationales.<br \/>\nLa SAMIA, pourtant filiale de la SNIM, a su trouver un terrain d&#8217;entente avec ses employ\u00e9s, en optant pour la bonne formule, apr\u00e8s plusieurs ann\u00e9es de tergiversations. Aujourd\u2019hui, un retrait\u00e9 \u00e0 la SAMIA touche une IDR deux fois plus importante que celle de son coll\u00e8gue de la soci\u00e9t\u00e9 m\u00e8re ; ce qui est logiquement inconcevable. De tels impairs, ne devraient plus \u00eatre tol\u00e9r\u00e9s dans un Etat de droit qui se respecte.<br \/>\nDans ces conditions, un appel pr\u00e9sidentiel pour l\u2019uniformisation de la bonne formule de l\u2019IDR serait un signal fort pour une justice sociale, \u00e9quitable pour tous ceux qui contribuent au d\u00e9veloppement du pays par leur labeur.  <\/p>\n<p><strong>Mohamed Ahmed El Kory<br \/>\nEconomiste, Expert en Propri\u00e9t\u00e9 Intellectuelle<br \/>\nmedahmedd@yahoo.fr<\/strong><\/p>\n","protected":false},"excerpt":{"rendered":"<p>Recemment, le Pr\u00e9sident de la R\u00e9publique, M. Mohamed Cheikh El Ghazouani, a lanc\u00e9 un vibrant appel \u00e0 l&#8217;\u00e9lite mauritanienne et \u00e0 tous les citoyens pour qu&#8217;ils valorisent le tourisme local en profitant d&#8217;un hivernage 2025 prometteur. Cet appel, qualifi\u00e9 d&#8217;historique par certains activistes, a \u00e9t\u00e9 largement entendu et suivi, t\u00e9moignant de l&#8217;adh\u00e9sion populaire \u00e0 une &hellip;<\/p>\n","protected":false},"author":2,"featured_media":17979,"comment_status":"open","ping_status":"open","sticky":false,"template":"","format":"standard","meta":{"footnotes":""},"categories":[18,2],"tags":[],"class_list":["post-17978","post","type-post","status-publish","format-standard","has-post-thumbnail","hentry","category-actualites","category-economie"],"_links":{"self":[{"href":"https:\/\/ladepeche.mr\/index.php?rest_route=\/wp\/v2\/posts\/17978","targetHints":{"allow":["GET"]}}],"collection":[{"href":"https:\/\/ladepeche.mr\/index.php?rest_route=\/wp\/v2\/posts"}],"about":[{"href":"https:\/\/ladepeche.mr\/index.php?rest_route=\/wp\/v2\/types\/post"}],"author":[{"embeddable":true,"href":"https:\/\/ladepeche.mr\/index.php?rest_route=\/wp\/v2\/users\/2"}],"replies":[{"embeddable":true,"href":"https:\/\/ladepeche.mr\/index.php?rest_route=%2Fwp%2Fv2%2Fcomments&post=17978"}],"version-history":[{"count":5,"href":"https:\/\/ladepeche.mr\/index.php?rest_route=\/wp\/v2\/posts\/17978\/revisions"}],"predecessor-version":[{"id":17988,"href":"https:\/\/ladepeche.mr\/index.php?rest_route=\/wp\/v2\/posts\/17978\/revisions\/17988"}],"wp:featuredmedia":[{"embeddable":true,"href":"https:\/\/ladepeche.mr\/index.php?rest_route=\/wp\/v2\/media\/17979"}],"wp:attachment":[{"href":"https:\/\/ladepeche.mr\/index.php?rest_route=%2Fwp%2Fv2%2Fmedia&parent=17978"}],"wp:term":[{"taxonomy":"category","embeddable":true,"href":"https:\/\/ladepeche.mr\/index.php?rest_route=%2Fwp%2Fv2%2Fcategories&post=17978"},{"taxonomy":"post_tag","embeddable":true,"href":"https:\/\/ladepeche.mr\/index.php?rest_route=%2Fwp%2Fv2%2Ftags&post=17978"}],"curies":[{"name":"wp","href":"https:\/\/api.w.org\/{rel}","templated":true}]}}