{"id":17981,"date":"2025-09-08T16:57:50","date_gmt":"2025-09-08T16:57:50","guid":{"rendered":"https:\/\/ladepeche.mr\/?p=17981"},"modified":"2025-09-08T16:57:50","modified_gmt":"2025-09-08T16:57:50","slug":"le-president-de-la-republique-supervise-le-lancement-de-la-conference-exposition-mauritanides-2025-sur-lenergie-et-les-mines","status":"publish","type":"post","link":"https:\/\/ladepeche.mr\/?p=17981","title":{"rendered":"Le pr\u00e9sident de la R\u00e9publique supervise le lancement de la Conf\u00e9rence-Exposition \u00ab Mauritanides 2025 \u00bb sur l\u2019\u00c9nergie et les Mines"},"content":{"rendered":"<p>Son Excellence le Pr\u00e9sident de la R\u00e9publique, M. Mohamed Ould Cheikh El Ghazouani, a pr\u00e9sid\u00e9 lundi au Palais des Congr\u00e8s Al-Mourabitoune \u00e0 Nouakchott le lancement de la septi\u00e8me \u00e9dition de la Conf\u00e9rence-Exposition \u00ab Mauritanide 2025 \u00bb sur l\u2019\u00c9nergie et les Mines, sous le th\u00e8me \u00ab La Mauritanie, terre d\u2019opportunit\u00e9s \u00bb.<\/p>\n<p>D\u2019une dur\u00e9e de trois jours, cette conf\u00e9rence vise \u00e0 mettre en valeur le vaste potentiel du pays et \u00e0 attirer les investissements dans les secteurs de l\u2019\u00e9nergie et des mines.<\/p>\n<p>Elle a connu une large participation d\u2019entreprises nationales et internationales et de professionnels du secteur. Ce salon est la plateforme la plus importante en Afrique du Nord-Ouest pour les secteurs minier et \u00e9nerg\u00e9tique.<\/p>\n<p>Son Excellence le Pr\u00e9sident de la R\u00e9publique a inaugur\u00e9 les pavillons d\u2019exposition organis\u00e9s en marge de la conf\u00e9rence et a visit\u00e9 ses diff\u00e9rents sites.<\/p>\n<p>Dans son allocution, le ministre des Mines et de l\u2019Industrie, M. Thiam Tijani, a d\u00e9clar\u00e9 que la Mauritanie est une terre de ressources et d\u2019opportunit\u00e9s. Il a soulign\u00e9 que ses richesses mini\u00e8res et \u00e9nerg\u00e9tiques constituent un levier fondamental du d\u00e9veloppement national depuis des d\u00e9cennies et qu\u2019aujourd\u2019hui marque le d\u00e9but d\u2019un nouveau chapitre de l\u2019histoire du secteur minier et \u00e9nerg\u00e9tique, intitul\u00e9 \u00ab Modernisation, Innovation et D\u00e9veloppement Durable \u00bb.<\/p>\n<p>Le ministre des Mines et de l\u2019Industrie a expliqu\u00e9 que la supervision de la conf\u00e9rence par le Pr\u00e9sident ajoute une dimension symbolique particuli\u00e8re et souligne l\u2019importance exceptionnelle que la Mauritanie accorde au d\u00e9veloppement des secteurs minier et \u00e9nerg\u00e9tique.<\/p>\n<p>Il a ajout\u00e9 que la fiert\u00e9 du pays pour sa richesse nationale d\u00e9coule non seulement de son statut de levier \u00e9conomique ou de ressource nationale durable sur laquelle il s\u2019appuie dans ses plans et strat\u00e9gies de d\u00e9veloppement, mais aussi du fait qu\u2019elle constitue un outil pour son partenariat avec le monde.<\/p>\n<p>Elle incarne une dimension inh\u00e9rente \u00e0 sa culture et \u00e0 sa religion, \u00e0 savoir l\u2019ouverture et l\u2019interaction avec les nations. Il a estim\u00e9 que le partenariat allait au-del\u00e0 des simples \u00e9changes commerciaux b\u00e9n\u00e9fiques pour la Mauritanie et ses partenaires, soulignant qu\u2019il s\u2019inscrit dans l\u2019optique de la volont\u00e9 sinc\u00e8re de tisser des liens humains et culturels entre les soci\u00e9t\u00e9s humaines.<\/p>\n<p>Le ministre des Mines et de l\u2019Industrie a expliqu\u00e9 que le d\u00e9partement a engag\u00e9 une r\u00e9forme compl\u00e8te du cadre juridique et institutionnel afin de garantir un climat d\u2019investissement stable, comp\u00e9titif et transparent.<\/p>\n<p>Il a ajout\u00e9 que leur vision \u00e0 cet \u00e9gard \u00e9tait claire : la Mauritanie deviendrait un p\u00f4le minier et \u00e9nerg\u00e9tique de premier plan en Afrique et un acteur influent sur la sc\u00e8ne internationale.<\/p>\n<p>Le ministre a soulign\u00e9 la d\u00e9termination de la Mauritanie \u00e0 honorer ses engagements, annon\u00e7ant son ouverture \u00e0 tous les partenaires souhaitant explorer son vaste potentiel minier et \u00e9nerg\u00e9tique, afin de b\u00e2tir une coop\u00e9ration responsable et fructueuse, b\u00e9n\u00e9fique pour la nation et ses partenaires. Pour sa part, le PDG de la Soci\u00e9t\u00e9 nationale industrielle et mini\u00e8re (SNIM), M. Mohamed Vall Mohamed Telmidi, a expliqu\u00e9 que le choix du titre de la conf\u00e9rence visait \u00e0 mettre en avant l\u2019\u00e9norme potentiel minier et industriel du pays. Il a salu\u00e9 l\u2019efficacit\u00e9 des politiques adopt\u00e9es par l\u2019entreprise pour valoriser ses ressources \u00e9conomiques et accro\u00eetre l\u2019efficacit\u00e9 de ses services, soulignant que ces plans contribuent directement \u00e0 soutenir l\u2019\u00e9conomie nationale. Dans son discours, il a pass\u00e9 en revue les r\u00e9alisations les plus marquantes de la SNIM au cours de la p\u00e9riode \u00e9coul\u00e9e, ainsi que ses perspectives ambitieuses de d\u00e9veloppement vers de nouveaux projets qui renforceront son rayonnement r\u00e9gional et international. Pour sa part, le pr\u00e9sident de l\u2019Union nationale du patronat mauritanien, M. Mohamed Zeine El Abidine Cheikh Ahmed, a indiqu\u00e9 que ce forum est devenu l\u2019un des \u00e9v\u00e9nements \u00e9conomiques les plus importants de la r\u00e9gion, refl\u00e9tant le d\u00e9veloppement de l\u2019environnement des affaires en Mauritanie et son ouverture aux investissements internationaux.<\/p>\n<p>Il a salu\u00e9 le rayonnement du pays \u00e0 l\u2019international et en Afrique, soulignant que la tenue d\u2019une conf\u00e9rence de ce calibre t\u00e9moigne de la solidit\u00e9 de ce positionnement et de l\u2019attractivit\u00e9 de la Mauritanie en tant que destination d\u2019investissement prometteuse.<\/p>\n<p>Le pr\u00e9sident de l\u2019UNPM a insist\u00e9 sur le r\u00f4le du secteur priv\u00e9 dans le soutien aux efforts de d\u00e9veloppement durable.<\/p>\n<p>M. Mahesh Babu, au nom de Spire Events, a salu\u00e9 le niveau de service et de coop\u00e9ration dont son \u00e9quipe a b\u00e9n\u00e9fici\u00e9 lors des pr\u00e9paratifs de la conf\u00e9rence, exprimant sa gratitude pour les efforts consid\u00e9rables d\u00e9ploy\u00e9s par les autorit\u00e9s mauritaniennes pour assurer le succ\u00e8s de l\u2019\u00e9v\u00e9nement.<\/p>\n<p>Il a soulign\u00e9 que ce niveau d\u2019organisation et de pr\u00e9paration refl\u00e8te une r\u00e9elle volont\u00e9 de pr\u00e9senter une image positive du pays et confirme sa capacit\u00e9 \u00e0 accueillir des \u00e9v\u00e9nements internationaux majeurs avec efficacit\u00e9 et professionnalisme.<\/p>\n<p>Pour sa part, M. Gordon Birrell, vice-pr\u00e9sident ex\u00e9cutif de la production et des op\u00e9rations chez BP International, a d\u00e9clar\u00e9 que le projet de champ gazier de Tortue Ahmeyim, qui n\u2019\u00e9tait qu\u2019un r\u00eave il y a deux ans, est d\u00e9sormais devenu une r\u00e9alit\u00e9 sur le terrain, marquant un changement qualitatif dans le secteur de l\u2019\u00e9nergie en Mauritanie.<\/p>\n<p>Il a exprim\u00e9 son profond optimisme quant au potentiel de ce projet \u00e0 contribuer \u00e0 la satisfaction de la demande \u00e9nerg\u00e9tique locale et r\u00e9gionale et \u00e0 la promotion du d\u00e9veloppement \u00e9conomique, exprimant sa fiert\u00e9 du partenariat de son entreprise avec ce projet strat\u00e9gique.<\/p>\n<p>M. Mark Crandall, pr\u00e9sident et fondateur de CWP Global, a \u00e9galement pr\u00e9sent\u00e9 en d\u00e9tail les activit\u00e9s et la vision d\u2019avenir de son entreprise, notamment en ce qui concerne les projets de r\u00e9duction des \u00e9missions de carbone et l\u2019atteinte de la neutralit\u00e9 carbone d\u2019ici 2050.<\/p>\n<p>Il a \u00e9galement \u00e9voqu\u00e9 les opportunit\u00e9s de partenariats strat\u00e9giques avec la Mauritanie dans les domaines de l\u2019\u00e9nergie propre et de l\u2019exploitation mini\u00e8re durable, soulignant le potentiel consid\u00e9rable de coop\u00e9ration conjointe susceptible de contribuer au transfert de technologies, \u00e0 la cr\u00e9ation d\u2019emplois et \u00e0 la promotion de l\u2019\u00e9conomie verte dans le pays.<\/p>\n<p>La premi\u00e8re journ\u00e9e a \u00e9t\u00e9 marqu\u00e9e par des tables rondes de haut niveau. Les participants \u00e0 la session \u00ab Ressources mini\u00e8res, p\u00e9troli\u00e8res et gazi\u00e8res pour la transition \u00e9nerg\u00e9tique mondiale \u00bb ont discut\u00e9 de la vision et du r\u00f4le du continent africain dans l\u2019approvisionnement en min\u00e9raux rares et en \u00e9nergie propre, avec la participation de repr\u00e9sentants du Groupe de strat\u00e9gie pour les min\u00e9raux africains, de la Banque mondiale et d\u2019entreprises internationales.<\/p>\n<p>La conf\u00e9rence comprendra une session sur les \u00ab Strat\u00e9gies, ressources, capacit\u00e9s, coop\u00e9ration r\u00e9gionale et partenariats miniers et \u00e9nerg\u00e9tiques \u00bb, avec une discussion minist\u00e9rielle sur les politiques publiques, l\u2019attractivit\u00e9 des investissements et la gouvernance du secteur extractif, ainsi qu\u2019une discussion approfondie sur les opportunit\u00e9s et les d\u00e9fis de la coop\u00e9ration r\u00e9gionale dans les secteurs minier et \u00e9nerg\u00e9tique en Afrique de l\u2019Ouest.<\/p>\n<p>La c\u00e9r\u00e9monie d\u2019ouverture s\u2019est d\u00e9roul\u00e9e en pr\u00e9sence du Premier ministre M. Moctar Djay.<br \/>\nAmi<\/p>\n","protected":false},"excerpt":{"rendered":"<p>Son Excellence le Pr\u00e9sident de la R\u00e9publique, M. Mohamed Ould Cheikh El Ghazouani, a pr\u00e9sid\u00e9 lundi au Palais des Congr\u00e8s Al-Mourabitoune \u00e0 Nouakchott le lancement de la septi\u00e8me \u00e9dition de la Conf\u00e9rence-Exposition \u00ab Mauritanide 2025 \u00bb sur l\u2019\u00c9nergie et les Mines, sous le th\u00e8me \u00ab La Mauritanie, terre d\u2019opportunit\u00e9s \u00bb. D\u2019une dur\u00e9e de trois jours, &hellip;<\/p>\n","protected":false},"author":2,"featured_media":17982,"comment_status":"open","ping_status":"open","sticky":false,"template":"","format":"standard","meta":{"footnotes":""},"categories":[18,2],"tags":[],"class_list":["post-17981","post","type-post","status-publish","format-standard","has-post-thumbnail","hentry","category-actualites","category-economie"],"_links":{"self":[{"href":"https:\/\/ladepeche.mr\/index.php?rest_route=\/wp\/v2\/posts\/17981","targetHints":{"allow":["GET"]}}],"collection":[{"href":"https:\/\/ladepeche.mr\/index.php?rest_route=\/wp\/v2\/posts"}],"about":[{"href":"https:\/\/ladepeche.mr\/index.php?rest_route=\/wp\/v2\/types\/post"}],"author":[{"embeddable":true,"href":"https:\/\/ladepeche.mr\/index.php?rest_route=\/wp\/v2\/users\/2"}],"replies":[{"embeddable":true,"href":"https:\/\/ladepeche.mr\/index.php?rest_route=%2Fwp%2Fv2%2Fcomments&post=17981"}],"version-history":[{"count":1,"href":"https:\/\/ladepeche.mr\/index.php?rest_route=\/wp\/v2\/posts\/17981\/revisions"}],"predecessor-version":[{"id":17983,"href":"https:\/\/ladepeche.mr\/index.php?rest_route=\/wp\/v2\/posts\/17981\/revisions\/17983"}],"wp:featuredmedia":[{"embeddable":true,"href":"https:\/\/ladepeche.mr\/index.php?rest_route=\/wp\/v2\/media\/17982"}],"wp:attachment":[{"href":"https:\/\/ladepeche.mr\/index.php?rest_route=%2Fwp%2Fv2%2Fmedia&parent=17981"}],"wp:term":[{"taxonomy":"category","embeddable":true,"href":"https:\/\/ladepeche.mr\/index.php?rest_route=%2Fwp%2Fv2%2Fcategories&post=17981"},{"taxonomy":"post_tag","embeddable":true,"href":"https:\/\/ladepeche.mr\/index.php?rest_route=%2Fwp%2Fv2%2Ftags&post=17981"}],"curies":[{"name":"wp","href":"https:\/\/api.w.org\/{rel}","templated":true}]}}