{"id":17989,"date":"2025-09-08T21:46:53","date_gmt":"2025-09-08T21:46:53","guid":{"rendered":"https:\/\/ladepeche.mr\/?p=17989"},"modified":"2025-09-08T21:46:53","modified_gmt":"2025-09-08T21:46:53","slug":"france-lassemblee-nationale-naccorde-pas-sa-confiance-a-francois-bayrou-le-gouvernement-renverse","status":"publish","type":"post","link":"https:\/\/ladepeche.mr\/?p=17989","title":{"rendered":"France: l\u2019Assembl\u00e9e nationale n\u2019accorde pas sa confiance \u00e0 Fran\u00e7ois Bayrou, le gouvernement renvers\u00e9"},"content":{"rendered":"<p>L\u2019Assembl\u00e9e nationale n\u2019a pas accord\u00e9 sa confiance au gouvernement de Fran\u00e7ois Bayrou ce lundi 8 septembre avec 364 voix contre, et 194 pour. Le Premier ministre est donc contraint de d\u00e9missionner. Le pr\u00e9sident Emmanuel Macron a \u00ab pris acte \u00bb de la d\u00e9cision de l&#8217;Assembl\u00e9e nationale. <\/p>\n<p>Les d\u00e9put\u00e9s ont renvers\u00e9 Fran\u00e7ois Bayrou en lui refusant la confiance \u00e0 une nette majorit\u00e9 (364 contre, 194 pour). Fran\u00e7ois Bayrou, premier chef de gouvernement de la Ve R\u00e9publique \u00e0 \u00eatre renvers\u00e9 lors d&#8217;un vote de confiance, pr\u00e9sentera sa d\u00e9mission au pr\u00e9sident Emmnauel Macron mardi matin, selon l&#8217;un de ses proches.<\/p>\n<p>Le Premier ministre Fran\u00e7ois Bayrou s&#8217;est exprim\u00e9 pendant environ 45 minutes, engageant la responsabilit\u00e9 de son gouvernement sur un ton sombre et alarmiste, dans un h\u00e9micycle alternant entre calme et moments d&#8217;agitation. \u00ab Cette \u00e9preuve de v\u00e9rit\u00e9 comme chef du gouvernement, avec l&#8217;assentiment du pr\u00e9sident de la R\u00e9publique, je l&#8217;ai voulue \u00bb, a-t-il d\u00e9clar\u00e9.<\/p>\n<p>Lors d&#8217;une conf\u00e9rence de presse lundi 25 ao\u00fbt, le Premier ministre avait annonc\u00e9 qu&#8217;il engagerait ce 8 septembre la \u00ab responsabilit\u00e9 du gouvernement \u00bb devant l&#8217;Assembl\u00e9e nationale r\u00e9unie en session extraordinaire, pour trancher la \u00ab question centrale \u00bb de \u00ab la ma\u00eetrise de nos finances \u00bb et valider le principe de son plan d&#8217;\u00e9conomies budg\u00e9taires.<br \/>\nRfi via cridem<\/p>\n","protected":false},"excerpt":{"rendered":"<p>L\u2019Assembl\u00e9e nationale n\u2019a pas accord\u00e9 sa confiance au gouvernement de Fran\u00e7ois Bayrou ce lundi 8 septembre avec 364 voix contre, et 194 pour. Le Premier ministre est donc contraint de d\u00e9missionner. Le pr\u00e9sident Emmanuel Macron a \u00ab pris acte \u00bb de la d\u00e9cision de l&#8217;Assembl\u00e9e nationale. Les d\u00e9put\u00e9s ont renvers\u00e9 Fran\u00e7ois Bayrou en lui refusant &hellip;<\/p>\n","protected":false},"author":2,"featured_media":17990,"comment_status":"open","ping_status":"open","sticky":false,"template":"","format":"standard","meta":{"footnotes":""},"categories":[18,29],"tags":[],"class_list":["post-17989","post","type-post","status-publish","format-standard","has-post-thumbnail","hentry","category-actualites","category-monde"],"_links":{"self":[{"href":"https:\/\/ladepeche.mr\/index.php?rest_route=\/wp\/v2\/posts\/17989","targetHints":{"allow":["GET"]}}],"collection":[{"href":"https:\/\/ladepeche.mr\/index.php?rest_route=\/wp\/v2\/posts"}],"about":[{"href":"https:\/\/ladepeche.mr\/index.php?rest_route=\/wp\/v2\/types\/post"}],"author":[{"embeddable":true,"href":"https:\/\/ladepeche.mr\/index.php?rest_route=\/wp\/v2\/users\/2"}],"replies":[{"embeddable":true,"href":"https:\/\/ladepeche.mr\/index.php?rest_route=%2Fwp%2Fv2%2Fcomments&post=17989"}],"version-history":[{"count":1,"href":"https:\/\/ladepeche.mr\/index.php?rest_route=\/wp\/v2\/posts\/17989\/revisions"}],"predecessor-version":[{"id":17991,"href":"https:\/\/ladepeche.mr\/index.php?rest_route=\/wp\/v2\/posts\/17989\/revisions\/17991"}],"wp:featuredmedia":[{"embeddable":true,"href":"https:\/\/ladepeche.mr\/index.php?rest_route=\/wp\/v2\/media\/17990"}],"wp:attachment":[{"href":"https:\/\/ladepeche.mr\/index.php?rest_route=%2Fwp%2Fv2%2Fmedia&parent=17989"}],"wp:term":[{"taxonomy":"category","embeddable":true,"href":"https:\/\/ladepeche.mr\/index.php?rest_route=%2Fwp%2Fv2%2Fcategories&post=17989"},{"taxonomy":"post_tag","embeddable":true,"href":"https:\/\/ladepeche.mr\/index.php?rest_route=%2Fwp%2Fv2%2Ftags&post=17989"}],"curies":[{"name":"wp","href":"https:\/\/api.w.org\/{rel}","templated":true}]}}