{"id":17993,"date":"2025-09-08T21:55:01","date_gmt":"2025-09-08T21:55:01","guid":{"rendered":"https:\/\/ladepeche.mr\/?p=17993"},"modified":"2025-09-08T21:55:01","modified_gmt":"2025-09-08T21:55:01","slug":"nations-unies-le-mauritanien-mamadou-kane-nomme-coordonnateur-resident-en-micronesie","status":"publish","type":"post","link":"https:\/\/ladepeche.mr\/?p=17993","title":{"rendered":"Nations Unies : Le mauritanien Mamadou Kane nomm\u00e9 Coordonnateur r\u00e9sident en Micron\u00e9sie"},"content":{"rendered":"<p>Le Secr\u00e9taire g\u00e9n\u00e9ral des Nations Unies, Ant\u00f3nio Guterres, a nomm\u00e9 Mamadou Kane, originaire de Mauritanie, au poste de Coordonnateur r\u00e9sident des Nations Unies en Micron\u00e9sie, avec l&#8217;accord du gouvernement local. \u00c0 ce titre, il sera \u00e9galement responsable des programmes onusiens \u00e0 Kiribati, aux \u00celes Marshall, \u00e0 Nauru et aux Palaos. Sa prise de fonctions est pr\u00e9vue pour le 7 septembre 2025.<br \/>\nFort de plus de 20 ans d&#8217;exp\u00e9rience dans les domaines du d\u00e9veloppement, de la politique, de la gouvernance environnementale internationale et de la diplomatie \u2013 en grande partie au sein du syst\u00e8me des Nations Unies \u2013 M. Kane apporte une expertise reconnue \u00e0 ce nouveau poste.<br \/>\nAvant cette nomination, il exer\u00e7ait en tant que Secr\u00e9taire ex\u00e9cutif de la Convention d\u2019Abidjan, o\u00f9 il a accompagn\u00e9 22 pays africains dans leur transition vers une \u00e9conomie bleue durable, tout en \u0153uvrant \u00e0 renforcer la r\u00e9silience des communaut\u00e9s c\u00f4ti\u00e8res de l\u2019Atlantique.<br \/>\nAu Programme des Nations Unies pour l\u2019environnement (PNUE), il a occup\u00e9 plusieurs fonctions de haut niveau. Il a notamment \u00e9t\u00e9 responsable des accords multilat\u00e9raux environnementaux au sein de la Division juridique, contribuant \u00e0 am\u00e9liorer la gouvernance environnementale internationale et \u00e0 renforcer la coordination entre les \u00c9tats membres. De 2020 \u00e0 2022, \u00e0 la t\u00eate du bureau du PNUE en Arabie saoudite, il a jou\u00e9 un r\u00f4le cl\u00e9 dans la r\u00e9forme du secteur environnemental, l\u2019\u00e9laboration de politiques plus durables, et l\u2019int\u00e9gration des enjeux environnementaux, climatiques et li\u00e9s aux ressources naturelles dans le Cadre de coop\u00e9ration des Nations Unies pour le d\u00e9veloppement durable.<br \/>\nEn outre, il a dirig\u00e9 un programme global de soutien aux accords environnementaux multilat\u00e9raux en Afrique, dans les Cara\u00efbes et le Pacifique, apportant une assistance pr\u00e9cieuse, notamment aux petits \u00c9tats insulaires en d\u00e9veloppement, dans les domaines de la biodiversit\u00e9, de la gestion des produits chimiques et des d\u00e9chets, ainsi que de la gouvernance des oc\u00e9ans. Il a \u00e9galement \u00e9t\u00e9 \u00e0 la t\u00eate du Secr\u00e9tariat du Fonds pour l\u2019\u00e9l\u00e9phant d\u2019Afrique, relevant de la Convention CITES, au service de 37 \u00c9tats africains concern\u00e9s par la conservation de cette esp\u00e8ce embl\u00e9matique.<br \/>\nMamadou Kane a commenc\u00e9 sa carri\u00e8re au sein du PNUE en 2004, \u00e0 la Division du d\u00e9veloppement des politiques et du droit, o\u00f9 il a travaill\u00e9 sur les liens entre pauvret\u00e9 et environnement et g\u00e9r\u00e9 des projets dans plusieurs pays africains, en collaboration avec le PNUD.<br \/>\nIl est titulaire d\u2019un Master en administration des affaires (MBA) avec une sp\u00e9cialisation en finance, ainsi que d\u2019une ma\u00eetrise en commerce international, obtenus \u00e0 l\u2019Universit\u00e9 Johnson &#038; Wales, aux \u00c9tats-Unis.<br \/>\n(Avec communiqu\u00e9 Onu)<\/p>\n","protected":false},"excerpt":{"rendered":"<p>Le Secr\u00e9taire g\u00e9n\u00e9ral des Nations Unies, Ant\u00f3nio Guterres, a nomm\u00e9 Mamadou Kane, originaire de Mauritanie, au poste de Coordonnateur r\u00e9sident des Nations Unies en Micron\u00e9sie, avec l&#8217;accord du gouvernement local. \u00c0 ce titre, il sera \u00e9galement responsable des programmes onusiens \u00e0 Kiribati, aux \u00celes Marshall, \u00e0 Nauru et aux Palaos. Sa prise de fonctions est &hellip;<\/p>\n","protected":false},"author":2,"featured_media":17994,"comment_status":"open","ping_status":"open","sticky":false,"template":"","format":"standard","meta":{"footnotes":""},"categories":[18,29],"tags":[],"class_list":["post-17993","post","type-post","status-publish","format-standard","has-post-thumbnail","hentry","category-actualites","category-monde"],"_links":{"self":[{"href":"https:\/\/ladepeche.mr\/index.php?rest_route=\/wp\/v2\/posts\/17993","targetHints":{"allow":["GET"]}}],"collection":[{"href":"https:\/\/ladepeche.mr\/index.php?rest_route=\/wp\/v2\/posts"}],"about":[{"href":"https:\/\/ladepeche.mr\/index.php?rest_route=\/wp\/v2\/types\/post"}],"author":[{"embeddable":true,"href":"https:\/\/ladepeche.mr\/index.php?rest_route=\/wp\/v2\/users\/2"}],"replies":[{"embeddable":true,"href":"https:\/\/ladepeche.mr\/index.php?rest_route=%2Fwp%2Fv2%2Fcomments&post=17993"}],"version-history":[{"count":1,"href":"https:\/\/ladepeche.mr\/index.php?rest_route=\/wp\/v2\/posts\/17993\/revisions"}],"predecessor-version":[{"id":17995,"href":"https:\/\/ladepeche.mr\/index.php?rest_route=\/wp\/v2\/posts\/17993\/revisions\/17995"}],"wp:featuredmedia":[{"embeddable":true,"href":"https:\/\/ladepeche.mr\/index.php?rest_route=\/wp\/v2\/media\/17994"}],"wp:attachment":[{"href":"https:\/\/ladepeche.mr\/index.php?rest_route=%2Fwp%2Fv2%2Fmedia&parent=17993"}],"wp:term":[{"taxonomy":"category","embeddable":true,"href":"https:\/\/ladepeche.mr\/index.php?rest_route=%2Fwp%2Fv2%2Fcategories&post=17993"},{"taxonomy":"post_tag","embeddable":true,"href":"https:\/\/ladepeche.mr\/index.php?rest_route=%2Fwp%2Fv2%2Ftags&post=17993"}],"curies":[{"name":"wp","href":"https:\/\/api.w.org\/{rel}","templated":true}]}}