{"id":18000,"date":"2025-09-09T13:40:57","date_gmt":"2025-09-09T13:40:57","guid":{"rendered":"https:\/\/ladepeche.mr\/?p=18000"},"modified":"2025-09-09T13:40:57","modified_gmt":"2025-09-09T13:40:57","slug":"a-beyrouth-la-mauritanie-denonce-les-violences-israeliennes-lors-de-la-conference-du-conseil-parlementaire-afro-asiatique","status":"publish","type":"post","link":"https:\/\/ladepeche.mr\/?p=18000","title":{"rendered":"\u00c0 Beyrouth, la Mauritanie d\u00e9nonce les violences isra\u00e9liennes lors de la Conf\u00e9rence du Conseil parlementaire afro-asiatique"},"content":{"rendered":"<p>La capitale libanaise a accueilli, les 8 et 9 septembre, la Conf\u00e9rence g\u00e9n\u00e9rale constitutive du Conseil parlementaire afro-asiatique, un nouveau cadre de coop\u00e9ration r\u00e9unissant des repr\u00e9sentants des parlements d\u2019Afrique et d\u2019Asie. La Mauritanie y a pris part avec une d\u00e9l\u00e9gation conduite par le premier vice-pr\u00e9sident de l\u2019Assembl\u00e9e nationale, Sidney Sokhona.<\/p>\n<p>Accompagn\u00e9 des d\u00e9put\u00e9s Loula Zerough, Sidi Ahmed Mogueya, et du conseiller parlementaire Mohamed Vall Ahmed, Sidney Sokhona a pris la parole lors de la s\u00e9ance inaugurale pour saluer la tenue de cette conf\u00e9rence \u00e0 Beyrouth, qu\u2019il a qualifi\u00e9e de \u00ab symbole de dialogue, de d\u00e9mocratie et de promotion des valeurs de paix et de d\u00e9veloppement partag\u00e9 \u00bb.<\/p>\n<p>Le vice-pr\u00e9sident de l\u2019Assembl\u00e9e nationale a profit\u00e9 de cette tribune pour condamner fermement les violences en cours dans la bande de Gaza. Il a d\u00e9nonc\u00e9 les \u00ab d\u00e9placements forc\u00e9s, crimes de guerre et actes de g\u00e9nocide \u00bb perp\u00e9tr\u00e9s selon lui par Isra\u00ebl contre la population palestinienne. Appelant la communaut\u00e9 internationale \u00e0 agir, il a exig\u00e9 \u00ab un cessez-le-feu imm\u00e9diat et permanent \u00bb et rappel\u00e9 que la paix durable dans la r\u00e9gion passait par la solution \u00e0 deux \u00c9tats.<\/p>\n<p>Ce nouveau Conseil parlementaire afro-asiatique ambitionne de renforcer les liens interparlementaires entre les pays des deux continents. Ses objectifs incluent la promotion des pratiques d\u00e9mocratiques, l\u2019\u00e9change d\u2019exp\u00e9riences parlementaires et syndicales, ainsi que le renforcement des capacit\u00e9s institutionnelles des parlements membres. Le Conseil entend \u00e9galement jouer un r\u00f4le actif dans la consolidation des valeurs de paix et de coop\u00e9ration Sud-Sud.<\/p>\n","protected":false},"excerpt":{"rendered":"<p>La capitale libanaise a accueilli, les 8 et 9 septembre, la Conf\u00e9rence g\u00e9n\u00e9rale constitutive du Conseil parlementaire afro-asiatique, un nouveau cadre de coop\u00e9ration r\u00e9unissant des repr\u00e9sentants des parlements d\u2019Afrique et d\u2019Asie. La Mauritanie y a pris part avec une d\u00e9l\u00e9gation conduite par le premier vice-pr\u00e9sident de l\u2019Assembl\u00e9e nationale, Sidney Sokhona. Accompagn\u00e9 des d\u00e9put\u00e9s Loula Zerough, &hellip;<\/p>\n","protected":false},"author":2,"featured_media":18001,"comment_status":"open","ping_status":"open","sticky":false,"template":"","format":"standard","meta":{"footnotes":""},"categories":[18,29],"tags":[],"class_list":["post-18000","post","type-post","status-publish","format-standard","has-post-thumbnail","hentry","category-actualites","category-monde"],"_links":{"self":[{"href":"https:\/\/ladepeche.mr\/index.php?rest_route=\/wp\/v2\/posts\/18000","targetHints":{"allow":["GET"]}}],"collection":[{"href":"https:\/\/ladepeche.mr\/index.php?rest_route=\/wp\/v2\/posts"}],"about":[{"href":"https:\/\/ladepeche.mr\/index.php?rest_route=\/wp\/v2\/types\/post"}],"author":[{"embeddable":true,"href":"https:\/\/ladepeche.mr\/index.php?rest_route=\/wp\/v2\/users\/2"}],"replies":[{"embeddable":true,"href":"https:\/\/ladepeche.mr\/index.php?rest_route=%2Fwp%2Fv2%2Fcomments&post=18000"}],"version-history":[{"count":1,"href":"https:\/\/ladepeche.mr\/index.php?rest_route=\/wp\/v2\/posts\/18000\/revisions"}],"predecessor-version":[{"id":18002,"href":"https:\/\/ladepeche.mr\/index.php?rest_route=\/wp\/v2\/posts\/18000\/revisions\/18002"}],"wp:featuredmedia":[{"embeddable":true,"href":"https:\/\/ladepeche.mr\/index.php?rest_route=\/wp\/v2\/media\/18001"}],"wp:attachment":[{"href":"https:\/\/ladepeche.mr\/index.php?rest_route=%2Fwp%2Fv2%2Fmedia&parent=18000"}],"wp:term":[{"taxonomy":"category","embeddable":true,"href":"https:\/\/ladepeche.mr\/index.php?rest_route=%2Fwp%2Fv2%2Fcategories&post=18000"},{"taxonomy":"post_tag","embeddable":true,"href":"https:\/\/ladepeche.mr\/index.php?rest_route=%2Fwp%2Fv2%2Ftags&post=18000"}],"curies":[{"name":"wp","href":"https:\/\/api.w.org\/{rel}","templated":true}]}}