{"id":18004,"date":"2025-09-09T14:14:36","date_gmt":"2025-09-09T14:14:36","guid":{"rendered":"https:\/\/ladepeche.mr\/?p=18004"},"modified":"2025-09-09T14:15:10","modified_gmt":"2025-09-09T14:15:10","slug":"gaza-echec-dune-tentative-dassassinat-israelienne-visant-les-negociateurs-du-hamas","status":"publish","type":"post","link":"https:\/\/ladepeche.mr\/?p=18004","title":{"rendered":"Gaza: Echec d&#8217;une tentative d&#8217;assassinat isra\u00e9lienne visant les n\u00e9gociateurs du Hamas au Qatar"},"content":{"rendered":"<p>Un responsable du mouvement de r\u00e9sistance islamique (Hamas) a d\u00e9clar\u00e9 \u00e0 Al Jazeera que la d\u00e9l\u00e9gation dirigeante du mouvement, dirig\u00e9e par Khalil Al-Hayya, a \u00e9chapp\u00e9 \u00e0 une tentative d\u2019assassinat isra\u00e9lienne qui la visait dans la capitale qatarie, Doha, ce mardi.<\/p>\n<p>La source a pr\u00e9cis\u00e9 qu\u2019un raid isra\u00e9lien a vis\u00e9 la d\u00e9l\u00e9gation dirigeante du Hamas \u00e0 Doha alors qu\u2019elle se r\u00e9unissait pour discuter de la derni\u00e8re proposition du pr\u00e9sident am\u00e9ricain Donald Trump concernant un cessez-le-feu dans la bande de Gaza.<\/p>\n<p>De son c\u00f4t\u00e9, le minist\u00e8re qatari des Affaires \u00e9trang\u00e8res a d\u00e9clar\u00e9 dans un communiqu\u00e9 : \u00ab Nous condamnons l\u2019attaque l\u00e2che d\u2019Isra\u00ebl qui a vis\u00e9 les r\u00e9sidences de plusieurs membres du bureau politique du Hamas \u00e0 Doha. \u00bb<\/p>\n<p>Le communiqu\u00e9 a affirm\u00e9 que cette \u00ab agression criminelle constitue une violation de toutes les lois internationales et une menace grave pour la s\u00e9curit\u00e9 et la s\u00fbret\u00e9 des citoyens et des r\u00e9sidents qataris \u00bb, soulignant que l\u2019\u00c9tat du Qatar \u00ab ne tol\u00e9rera pas ce comportement isra\u00e9lien irresponsable \u00bb ni \u00ab tout acte visant sa s\u00e9curit\u00e9 et sa souverainet\u00e9 \u00bb.<\/p>\n","protected":false},"excerpt":{"rendered":"<p>Un responsable du mouvement de r\u00e9sistance islamique (Hamas) a d\u00e9clar\u00e9 \u00e0 Al Jazeera que la d\u00e9l\u00e9gation dirigeante du mouvement, dirig\u00e9e par Khalil Al-Hayya, a \u00e9chapp\u00e9 \u00e0 une tentative d\u2019assassinat isra\u00e9lienne qui la visait dans la capitale qatarie, Doha, ce mardi. La source a pr\u00e9cis\u00e9 qu\u2019un raid isra\u00e9lien a vis\u00e9 la d\u00e9l\u00e9gation dirigeante du Hamas \u00e0 &hellip;<\/p>\n","protected":false},"author":2,"featured_media":6559,"comment_status":"open","ping_status":"open","sticky":false,"template":"","format":"standard","meta":{"footnotes":""},"categories":[18,29],"tags":[],"class_list":["post-18004","post","type-post","status-publish","format-standard","has-post-thumbnail","hentry","category-actualites","category-monde"],"_links":{"self":[{"href":"https:\/\/ladepeche.mr\/index.php?rest_route=\/wp\/v2\/posts\/18004","targetHints":{"allow":["GET"]}}],"collection":[{"href":"https:\/\/ladepeche.mr\/index.php?rest_route=\/wp\/v2\/posts"}],"about":[{"href":"https:\/\/ladepeche.mr\/index.php?rest_route=\/wp\/v2\/types\/post"}],"author":[{"embeddable":true,"href":"https:\/\/ladepeche.mr\/index.php?rest_route=\/wp\/v2\/users\/2"}],"replies":[{"embeddable":true,"href":"https:\/\/ladepeche.mr\/index.php?rest_route=%2Fwp%2Fv2%2Fcomments&post=18004"}],"version-history":[{"count":2,"href":"https:\/\/ladepeche.mr\/index.php?rest_route=\/wp\/v2\/posts\/18004\/revisions"}],"predecessor-version":[{"id":18006,"href":"https:\/\/ladepeche.mr\/index.php?rest_route=\/wp\/v2\/posts\/18004\/revisions\/18006"}],"wp:featuredmedia":[{"embeddable":true,"href":"https:\/\/ladepeche.mr\/index.php?rest_route=\/wp\/v2\/media\/6559"}],"wp:attachment":[{"href":"https:\/\/ladepeche.mr\/index.php?rest_route=%2Fwp%2Fv2%2Fmedia&parent=18004"}],"wp:term":[{"taxonomy":"category","embeddable":true,"href":"https:\/\/ladepeche.mr\/index.php?rest_route=%2Fwp%2Fv2%2Fcategories&post=18004"},{"taxonomy":"post_tag","embeddable":true,"href":"https:\/\/ladepeche.mr\/index.php?rest_route=%2Fwp%2Fv2%2Ftags&post=18004"}],"curies":[{"name":"wp","href":"https:\/\/api.w.org\/{rel}","templated":true}]}}