{"id":18007,"date":"2025-09-09T15:22:14","date_gmt":"2025-09-09T15:22:14","guid":{"rendered":"https:\/\/ladepeche.mr\/?p=18007"},"modified":"2025-09-09T15:22:14","modified_gmt":"2025-09-09T15:22:14","slug":"lespagne-veut-mettre-un-terme-au-genocide-a-gaza-et-rappelle-son-ambassadrice-en-israel","status":"publish","type":"post","link":"https:\/\/ladepeche.mr\/?p=18007","title":{"rendered":"L&#8217;Espagne veut \u201cmettre un terme au g\u00e9nocide \u00e0 Gaza\u201d et rappelle son ambassadrice en Isra\u00ebl"},"content":{"rendered":"<p>Les relations entre l&#8217;Espagne et Isra\u00ebl se sont tr\u00e8s fortement tendues lundi avec le rappel de l&#8217;ambassadrice espagnole apr\u00e8s une s\u00e9rie d&#8217;\u00e9changes tr\u00e8s vifs, \u00e0 la suite de l&#8217;annonce par le Premier ministre Pedro S\u00e1nchez de mesures destin\u00e9es \u00e0 &#8220;mettre un terme au g\u00e9nocide \u00e0 Gaza&#8221;.<\/p>\n<p>Le socialiste Pedro S\u00e1nchez est une des voix europ\u00e9ennes les plus critiques \u00e0 l\u2019\u00e9gard des attaques men\u00e9es \u00e0 Gaza par Isra\u00ebl qui, de son c\u00f4t\u00e9, n\u2019avait d\u00e9j\u00e0 plus d\u2019ambassadeur \u00e0 Madrid depuis la reconnaissance de l\u2019\u00c9tat de Palestine par le gouvernement espagnol en mai 2024.<\/p>\n<p>Dans \u00ab une \u00e9tape suppl\u00e9mentaire (\u2026) pour mettre un terme au g\u00e9nocide \u00e0 Gaza, poursuivre ses auteurs et soutenir la population palestinienne \u00bb, Pedro S\u00e1nchez a annonc\u00e9 lundi une s\u00e9rie de nouvelles mesures, notamment l\u2019interdiction aux navires transportant du carburant pour l\u2019arm\u00e9e isra\u00e9lienne d\u2019accoster dans les ports espagnols.<\/p>\n<p>Egalement parmi ces mesures, qui seront mises en \u0153uvre \u00ab imm\u00e9diatement\u00ab , une loi visant \u00e0 \u00ab consolider juridiquement l\u2019embargo sur les (ventes d\u2019)armes \u00e0 Isra\u00ebl, que nous appliquons d\u00e9j\u00e0 de facto depuis octobre 2023 \u00bb, a soulign\u00e9 le chef du gouvernement.<\/p>\n<p>Elles comprennent \u00e9galement notamment l\u2019interdiction d\u2019entr\u00e9e sur le territoire espagnol des personnes \u00ab participant directement au g\u00e9nocide \u00bb, l\u2019interdiction de l\u2019importation de produits \u00ab provenant des colonies ill\u00e9gales \u00e0 Gaza et en Cisjordanie \u00bb et la limitation des services consulaires espagnols pour les personnes r\u00e9sidant dans ces colonies.<\/p>\n<p>\u00ab Nous savons que toutes ces mesures ne suffiront pas \u00e0 arr\u00eater l\u2019invasion ni les crimes de guerre, mais nous esp\u00e9rons qu\u2019elles contribueront \u00e0 augmenter la pression \u00bb sur le gouvernement de Benjamin Netanyahu, qui compte plusieurs ministres d\u2019extr\u00eame droite, a poursuivi le dirigeant espagnol.<\/p>\n<p>Isra\u00ebl accuse l\u2019Espagne d\u2019antis\u00e9mitisme<\/p>\n<p>La r\u00e9action isra\u00e9lienne apr\u00e8s ces annonces n\u2019a pas tard\u00e9, et le ministre isra\u00e9lien des Affaires \u00e9trang\u00e8res Gideon Saar a r\u00e9pliqu\u00e9 dans la foul\u00e9e sur le r\u00e9seau X, accusant le gouvernement espagnol de mener une campagne \u00ab anti-isra\u00e9lienne et antis\u00e9mite continue \u00bb afin de \u00ab d\u00e9tourner l\u2019attention de graves affaires de corruption \u00bb, une r\u00e9f\u00e9rence apparente aux dossiers judiciaires dans lesquels sont accus\u00e9 des proches de Pedro S\u00e1nchez.<\/p>\n<p>En guise de sanction, le gouvernement isra\u00e9lien a par ailleurs interdit l\u2019entr\u00e9e en Isra\u00ebl \u00e0 la N.2 du gouvernement, la ministre espagnole du Travail Yolanda D\u00edaz, et \u00e0 la ministre de la Jeunesse et de l\u2019Enfance Sira Rego, d\u2019origine palestinienne, toutes deux membres de la plateforme de gauche radicale Sumar qui fait partie de la coalition au pouvoir avec les socialistes.<\/p>\n<p>Apr\u00e8s avoir fustig\u00e9 des accusations d\u2019antis\u00e9mitisme \u00ab fausses et calomnieuses \u00bb et des mesures \u00ab inacceptables \u00bb visant ses deux ministres, le gouvernement espagnol a pass\u00e9 une nouvelle \u00e9tape en annon\u00e7ant dans l\u2019apr\u00e8s-midi le rappel de son ambassadrice \u00e0 Tel Aviv pour consultations.<\/p>\n<p>\u00ab Le gouvernement espagnol ne se laissera pas intimider dans sa d\u00e9fense de la paix, du droit international et des droits humains \u00bb, avait assur\u00e9 le minist\u00e8re des Affaires \u00e9trang\u00e8res un peu plus t\u00f4t dans un communiqu\u00e9.<\/p>\n<p>L\u2019attaque du Hamas du 7 octobre, qui a d\u00e9clench\u00e9 la guerre, a caus\u00e9 la mort de 1.219 personnes en Isra\u00ebl, en majorit\u00e9 des civils, selon un d\u00e9compte de l\u2019AFP bas\u00e9 sur des donn\u00e9es officielles.<\/p>\n<p>L\u2019offensive d\u00e9vastatrice lanc\u00e9e en retour par Isra\u00ebl a caus\u00e9 au moins 64.300 morts \u00e0 Gaza, en majorit\u00e9 des femmes et des enfants, selon le minist\u00e8re de la Sant\u00e9 de Gaza, plac\u00e9 sous l\u2019autorit\u00e9 du Hamas, mais dont les donn\u00e9es sont jug\u00e9es fiables par l\u2019ONU.<\/p>\n<p>En Espagne, un pays o\u00f9 la cause palestinienne a toujours \u00e9t\u00e9 populaire, en particulier \u00e0 gauche et \u00e0 l\u2019extr\u00eame gauche, de nombreuses manifestations propalestiennes ont eu lieu depuis le d\u00e9but du conflit \u00e0 Gaza.<\/p>\n<p>Ces derniers jours, elles ont tout particuli\u00e8rement perturb\u00e9 le d\u00e9roulement de la Vuelta, le tour d\u2019Espagne cycliste, auquel participe notamment l\u2019\u00e9quipe Israel-Premier Tech, une structure priv\u00e9e cr\u00e9\u00e9e par le milliardaire isra\u00e9lo-canadien Sylvan Adams.<\/p>\n<p>Telquel.ma<\/p>\n","protected":false},"excerpt":{"rendered":"<p>Les relations entre l&#8217;Espagne et Isra\u00ebl se sont tr\u00e8s fortement tendues lundi avec le rappel de l&#8217;ambassadrice espagnole apr\u00e8s une s\u00e9rie d&#8217;\u00e9changes tr\u00e8s vifs, \u00e0 la suite de l&#8217;annonce par le Premier ministre Pedro S\u00e1nchez de mesures destin\u00e9es \u00e0 &#8220;mettre un terme au g\u00e9nocide \u00e0 Gaza&#8221;. Le socialiste Pedro S\u00e1nchez est une des voix europ\u00e9ennes &hellip;<\/p>\n","protected":false},"author":2,"featured_media":18008,"comment_status":"open","ping_status":"open","sticky":false,"template":"","format":"standard","meta":{"footnotes":""},"categories":[18,29],"tags":[],"class_list":["post-18007","post","type-post","status-publish","format-standard","has-post-thumbnail","hentry","category-actualites","category-monde"],"_links":{"self":[{"href":"https:\/\/ladepeche.mr\/index.php?rest_route=\/wp\/v2\/posts\/18007","targetHints":{"allow":["GET"]}}],"collection":[{"href":"https:\/\/ladepeche.mr\/index.php?rest_route=\/wp\/v2\/posts"}],"about":[{"href":"https:\/\/ladepeche.mr\/index.php?rest_route=\/wp\/v2\/types\/post"}],"author":[{"embeddable":true,"href":"https:\/\/ladepeche.mr\/index.php?rest_route=\/wp\/v2\/users\/2"}],"replies":[{"embeddable":true,"href":"https:\/\/ladepeche.mr\/index.php?rest_route=%2Fwp%2Fv2%2Fcomments&post=18007"}],"version-history":[{"count":1,"href":"https:\/\/ladepeche.mr\/index.php?rest_route=\/wp\/v2\/posts\/18007\/revisions"}],"predecessor-version":[{"id":18009,"href":"https:\/\/ladepeche.mr\/index.php?rest_route=\/wp\/v2\/posts\/18007\/revisions\/18009"}],"wp:featuredmedia":[{"embeddable":true,"href":"https:\/\/ladepeche.mr\/index.php?rest_route=\/wp\/v2\/media\/18008"}],"wp:attachment":[{"href":"https:\/\/ladepeche.mr\/index.php?rest_route=%2Fwp%2Fv2%2Fmedia&parent=18007"}],"wp:term":[{"taxonomy":"category","embeddable":true,"href":"https:\/\/ladepeche.mr\/index.php?rest_route=%2Fwp%2Fv2%2Fcategories&post=18007"},{"taxonomy":"post_tag","embeddable":true,"href":"https:\/\/ladepeche.mr\/index.php?rest_route=%2Fwp%2Fv2%2Ftags&post=18007"}],"curies":[{"name":"wp","href":"https:\/\/api.w.org\/{rel}","templated":true}]}}