{"id":18016,"date":"2025-09-09T16:36:15","date_gmt":"2025-09-09T16:36:15","guid":{"rendered":"https:\/\/ladepeche.mr\/?p=18016"},"modified":"2025-09-09T16:46:21","modified_gmt":"2025-09-09T16:46:21","slug":"politique-les-spasmes-dun-nouveau-gouvernement","status":"publish","type":"post","link":"https:\/\/ladepeche.mr\/?p=18016","title":{"rendered":"Politique: Les spasmes d\u2019un nouveau gouvernement"},"content":{"rendered":"<p>Le remaniement minist\u00e9riel attendu depuis quelques temps devrait avoir lieu incessamment eu \u00e9gard aux consultations toujours en cours entre le pr\u00e9sident et son premier Ministre.<br \/>\nPlusieurs ministres devraient, \u00e0 l\u2019occasion, rendre leurs tabliers. On cite parmi les partants le Ministre des Affaires islamiques et de l\u2019Enseignement originel , Sidi Yahya El Marabet, celui de la Sant\u00e9, Ould wadie, la ministre des Affaires sociales, de l\u2019Enfance et de la Famille : Safia N\u2019Taha, celui du p\u00e9trole et de l\u2019\u00e9nergie, Mohamed Ould Khaled, celui de la P\u00eache et des Infrastructures portuaires, Fadel Sidati, la ministre de l\u2019hydraulique, Amal Bent Maouloud, celle de l\u2019\u00c9ducation et de la R\u00e9forme du Syst\u00e8me \u00e9ducatif, Houda Baba.<br \/>\nParmi les exclus on \u00e9voque \u00e9galement les noms du  Ministre d\u00e9l\u00e9gu\u00e9 charg\u00e9 du Budget, Kodiouro Moussa N\u2019Kanor, celui de l\u2019Autonomisation des Jeunes et de la Fonction publique, Mohamed Abdellah Ould Louli, celui de l\u2019Agriculture et de la Souverainet\u00e9 alimentaire Ould beibat, de la Ministre de l\u2019Environnement et du D\u00e9veloppement durable, Massouda Beham.<br \/>\nPar ailleurs, un nouveau d\u00e9l\u00e9gu\u00e9 devrait \u00eatre nomm\u00e9 \u00e0 la D\u00e9l\u00e9gation Taazour, originaire de la ville de Nouadhibou, ainsi qu\u2019un nouveau cadre de la r\u00e9gion du Hodh El Gharbi, hautement qualifi\u00e9, pour diriger la Commissariat \u00e0 la S\u00e9curit\u00e9 Alimentaire.<br \/>\nDe larges changements sont \u00e9galement pr\u00e9vus dans la structure pr\u00e9sidentielle, avec le d\u00e9part d\u2019un grand nombre de conseillers et de charg\u00e9s de mission, et la d\u00e9finition de nouvelles responsabilit\u00e9s.<\/p>\n","protected":false},"excerpt":{"rendered":"<p>Le remaniement minist\u00e9riel attendu depuis quelques temps devrait avoir lieu incessamment eu \u00e9gard aux consultations toujours en cours entre le pr\u00e9sident et son premier Ministre. Plusieurs ministres devraient, \u00e0 l\u2019occasion, rendre leurs tabliers. On cite parmi les partants le Ministre des Affaires islamiques et de l\u2019Enseignement originel , Sidi Yahya El Marabet, celui de la &hellip;<\/p>\n","protected":false},"author":2,"featured_media":6172,"comment_status":"open","ping_status":"open","sticky":false,"template":"","format":"standard","meta":{"footnotes":""},"categories":[18],"tags":[],"class_list":["post-18016","post","type-post","status-publish","format-standard","has-post-thumbnail","hentry","category-actualites"],"_links":{"self":[{"href":"https:\/\/ladepeche.mr\/index.php?rest_route=\/wp\/v2\/posts\/18016","targetHints":{"allow":["GET"]}}],"collection":[{"href":"https:\/\/ladepeche.mr\/index.php?rest_route=\/wp\/v2\/posts"}],"about":[{"href":"https:\/\/ladepeche.mr\/index.php?rest_route=\/wp\/v2\/types\/post"}],"author":[{"embeddable":true,"href":"https:\/\/ladepeche.mr\/index.php?rest_route=\/wp\/v2\/users\/2"}],"replies":[{"embeddable":true,"href":"https:\/\/ladepeche.mr\/index.php?rest_route=%2Fwp%2Fv2%2Fcomments&post=18016"}],"version-history":[{"count":4,"href":"https:\/\/ladepeche.mr\/index.php?rest_route=\/wp\/v2\/posts\/18016\/revisions"}],"predecessor-version":[{"id":18020,"href":"https:\/\/ladepeche.mr\/index.php?rest_route=\/wp\/v2\/posts\/18016\/revisions\/18020"}],"wp:featuredmedia":[{"embeddable":true,"href":"https:\/\/ladepeche.mr\/index.php?rest_route=\/wp\/v2\/media\/6172"}],"wp:attachment":[{"href":"https:\/\/ladepeche.mr\/index.php?rest_route=%2Fwp%2Fv2%2Fmedia&parent=18016"}],"wp:term":[{"taxonomy":"category","embeddable":true,"href":"https:\/\/ladepeche.mr\/index.php?rest_route=%2Fwp%2Fv2%2Fcategories&post=18016"},{"taxonomy":"post_tag","embeddable":true,"href":"https:\/\/ladepeche.mr\/index.php?rest_route=%2Fwp%2Fv2%2Ftags&post=18016"}],"curies":[{"name":"wp","href":"https:\/\/api.w.org\/{rel}","templated":true}]}}