{"id":18021,"date":"2025-09-09T17:21:58","date_gmt":"2025-09-09T17:21:58","guid":{"rendered":"https:\/\/ladepeche.mr\/?p=18021"},"modified":"2025-09-09T17:23:06","modified_gmt":"2025-09-09T17:23:06","slug":"violation-de-la-souverainete-du-qatar-le-gouvernement-condamne","status":"publish","type":"post","link":"https:\/\/ladepeche.mr\/?p=18021","title":{"rendered":"Violation de la souverainet\u00e9 du Qatar: le gouvernement condamne"},"content":{"rendered":"<p>Le gouvernement mauritanien a vigoureusement condamn\u00e9, dans une communiqu\u00e9 rendu public par le minist\u00e8re des affaires \u00e9trang\u00e8res et de la coop\u00e9ration et des mauritaniens \u00e0 l\u2019\u00e9tranger, la violation par Isra\u00ebl de la Souverainet\u00e9 \u00ab\u00a0de l\u2019Etat fr\u00e8re du Qatar\u00a0\u00bb. Le communiqu\u00e9 rappelle \u00e9galement le soutien de la Mauritanie \u00e0 l\u2019int\u00e9grit\u00e9 du Qatar.<br \/>\nOutre cette condamnation, le gouvernement mauritanien a appel\u00e9 la communaut\u00e9 internationale \u00e0 prendre ses responsabilit\u00e9s et les mesures idoines contre les violations isra\u00e9liennes qui menacent la paix et la s\u00e9curit\u00e9 et pour \u00e9viter l\u2019engrenage dans la r\u00e9gion. <\/p>\n","protected":false},"excerpt":{"rendered":"<p>Le gouvernement mauritanien a vigoureusement condamn\u00e9, dans une communiqu\u00e9 rendu public par le minist\u00e8re des affaires \u00e9trang\u00e8res et de la coop\u00e9ration et des mauritaniens \u00e0 l\u2019\u00e9tranger, la violation par Isra\u00ebl de la Souverainet\u00e9 \u00ab\u00a0de l\u2019Etat fr\u00e8re du Qatar\u00a0\u00bb. Le communiqu\u00e9 rappelle \u00e9galement le soutien de la Mauritanie \u00e0 l\u2019int\u00e9grit\u00e9 du Qatar. Outre cette condamnation, le &hellip;<\/p>\n","protected":false},"author":2,"featured_media":12224,"comment_status":"open","ping_status":"open","sticky":false,"template":"","format":"standard","meta":{"footnotes":""},"categories":[18,29],"tags":[],"class_list":["post-18021","post","type-post","status-publish","format-standard","has-post-thumbnail","hentry","category-actualites","category-monde"],"_links":{"self":[{"href":"https:\/\/ladepeche.mr\/index.php?rest_route=\/wp\/v2\/posts\/18021","targetHints":{"allow":["GET"]}}],"collection":[{"href":"https:\/\/ladepeche.mr\/index.php?rest_route=\/wp\/v2\/posts"}],"about":[{"href":"https:\/\/ladepeche.mr\/index.php?rest_route=\/wp\/v2\/types\/post"}],"author":[{"embeddable":true,"href":"https:\/\/ladepeche.mr\/index.php?rest_route=\/wp\/v2\/users\/2"}],"replies":[{"embeddable":true,"href":"https:\/\/ladepeche.mr\/index.php?rest_route=%2Fwp%2Fv2%2Fcomments&post=18021"}],"version-history":[{"count":2,"href":"https:\/\/ladepeche.mr\/index.php?rest_route=\/wp\/v2\/posts\/18021\/revisions"}],"predecessor-version":[{"id":18023,"href":"https:\/\/ladepeche.mr\/index.php?rest_route=\/wp\/v2\/posts\/18021\/revisions\/18023"}],"wp:featuredmedia":[{"embeddable":true,"href":"https:\/\/ladepeche.mr\/index.php?rest_route=\/wp\/v2\/media\/12224"}],"wp:attachment":[{"href":"https:\/\/ladepeche.mr\/index.php?rest_route=%2Fwp%2Fv2%2Fmedia&parent=18021"}],"wp:term":[{"taxonomy":"category","embeddable":true,"href":"https:\/\/ladepeche.mr\/index.php?rest_route=%2Fwp%2Fv2%2Fcategories&post=18021"},{"taxonomy":"post_tag","embeddable":true,"href":"https:\/\/ladepeche.mr\/index.php?rest_route=%2Fwp%2Fv2%2Ftags&post=18021"}],"curies":[{"name":"wp","href":"https:\/\/api.w.org\/{rel}","templated":true}]}}