{"id":18024,"date":"2025-09-09T19:17:50","date_gmt":"2025-09-09T19:17:50","guid":{"rendered":"https:\/\/ladepeche.mr\/?p=18024"},"modified":"2025-09-09T19:17:50","modified_gmt":"2025-09-09T19:17:50","slug":"le-ministre-de-leconomie-et-des-finances-sentretient-avec-une-delegation-de-kinross","status":"publish","type":"post","link":"https:\/\/ladepeche.mr\/?p=18024","title":{"rendered":"Le ministre de l\u2019\u00c9conomie et des Finances s\u2019entretient avec une d\u00e9l\u00e9gation de Kinross"},"content":{"rendered":"<p>Son Excellence le ministre de l\u2019\u00c9conomie et des Finances, M. Sid&#8217;Ahmed Ould Bouh, s&#8217;est entretenu,  mardi dans son bureau, avec une d\u00e9l\u00e9gation de haut niveau de la soci\u00e9t\u00e9 Kinross, autour des perspectives de renforcement et de d\u00e9veloppement de la coop\u00e9ration \u00e9conomique entre les deux parties.<\/p>\n<p>La d\u00e9l\u00e9gation, conduite par le PDG de la soci\u00e9t\u00e9, M. Paul Rollinson, comprenait notamment M. Ben Little, premier vice-pr\u00e9sident charg\u00e9 des relations ext\u00e9rieures, ainsi qu\u2019un certain nombre de hauts responsables de l\u2019entreprise.<\/p>\n<p>La rencontre, \u00e0 laquelle a assist\u00e9 \u00e9galement le directeur g\u00e9n\u00e9ral des Financements et de la Coop\u00e9ration \u00e9conomique, M. Mohamed Salem Ould Nani, a port\u00e9 sur diverses questions d\u2019int\u00e9r\u00eat commun et a permis d\u2019examiner les m\u00e9canismes susceptibles de consolider le partenariat bilat\u00e9ral dans le domaine \u00e9conomique, au service des int\u00e9r\u00eats mutuels.<\/p>\n<p>Cet \u00e9change s\u2019inscrit dans le cadre d\u2019une s\u00e9rie de consultations que le ministre m\u00e8ne r\u00e9guli\u00e8rement avec diff\u00e9rents acteurs \u00e9conomiques, en vue de promouvoir les partenariats de la Mauritanie et de soutenir la dynamique de d\u00e9veloppement du pays.<br \/>\nSource MEF<\/p>\n","protected":false},"excerpt":{"rendered":"<p>Son Excellence le ministre de l\u2019\u00c9conomie et des Finances, M. Sid&#8217;Ahmed Ould Bouh, s&#8217;est entretenu, mardi dans son bureau, avec une d\u00e9l\u00e9gation de haut niveau de la soci\u00e9t\u00e9 Kinross, autour des perspectives de renforcement et de d\u00e9veloppement de la coop\u00e9ration \u00e9conomique entre les deux parties. La d\u00e9l\u00e9gation, conduite par le PDG de la soci\u00e9t\u00e9, M. &hellip;<\/p>\n","protected":false},"author":2,"featured_media":18025,"comment_status":"open","ping_status":"open","sticky":false,"template":"","format":"standard","meta":{"footnotes":""},"categories":[18,2],"tags":[],"class_list":["post-18024","post","type-post","status-publish","format-standard","has-post-thumbnail","hentry","category-actualites","category-economie"],"_links":{"self":[{"href":"https:\/\/ladepeche.mr\/index.php?rest_route=\/wp\/v2\/posts\/18024","targetHints":{"allow":["GET"]}}],"collection":[{"href":"https:\/\/ladepeche.mr\/index.php?rest_route=\/wp\/v2\/posts"}],"about":[{"href":"https:\/\/ladepeche.mr\/index.php?rest_route=\/wp\/v2\/types\/post"}],"author":[{"embeddable":true,"href":"https:\/\/ladepeche.mr\/index.php?rest_route=\/wp\/v2\/users\/2"}],"replies":[{"embeddable":true,"href":"https:\/\/ladepeche.mr\/index.php?rest_route=%2Fwp%2Fv2%2Fcomments&post=18024"}],"version-history":[{"count":1,"href":"https:\/\/ladepeche.mr\/index.php?rest_route=\/wp\/v2\/posts\/18024\/revisions"}],"predecessor-version":[{"id":18026,"href":"https:\/\/ladepeche.mr\/index.php?rest_route=\/wp\/v2\/posts\/18024\/revisions\/18026"}],"wp:featuredmedia":[{"embeddable":true,"href":"https:\/\/ladepeche.mr\/index.php?rest_route=\/wp\/v2\/media\/18025"}],"wp:attachment":[{"href":"https:\/\/ladepeche.mr\/index.php?rest_route=%2Fwp%2Fv2%2Fmedia&parent=18024"}],"wp:term":[{"taxonomy":"category","embeddable":true,"href":"https:\/\/ladepeche.mr\/index.php?rest_route=%2Fwp%2Fv2%2Fcategories&post=18024"},{"taxonomy":"post_tag","embeddable":true,"href":"https:\/\/ladepeche.mr\/index.php?rest_route=%2Fwp%2Fv2%2Ftags&post=18024"}],"curies":[{"name":"wp","href":"https:\/\/api.w.org\/{rel}","templated":true}]}}