{"id":18029,"date":"2025-09-09T20:43:30","date_gmt":"2025-09-09T20:43:30","guid":{"rendered":"https:\/\/ladepeche.mr\/?p=18029"},"modified":"2025-09-09T20:44:43","modified_gmt":"2025-09-09T20:44:43","slug":"agression-israelienne-contre-le-qatar-dans-un-appel-telephonique-le-president-ghazouani-condamne-israel-et-affirme-le-soutien-de-notre-pays-au-qatar","status":"publish","type":"post","link":"https:\/\/ladepeche.mr\/?p=18029","title":{"rendered":"Agression isra\u00e9lienne contre le Qatar: Dans un appel t\u00e9l\u00e9phonique, le pr\u00e9sident Ghazouani condamne l\u2019attaque et affirme le soutien de notre pays au Qatar"},"content":{"rendered":"<p>\u00c0 la suite de l&#8217;agression isra\u00e9lienne contre l&#8217;\u00c9tat fr\u00e8re du Qatar, Son Excellence le Pr\u00e9sident de la R\u00e9publique, M. Mohamed Ould Cheikh El Ghazouani, a eu aujourd&#8217;hui un entretien t\u00e9l\u00e9phonique avec son fr\u00e8re, Son Altesse le Cheikh Tamim ben Hamad Al Thani, \u00c9mir de l&#8217;\u00c9tat du Qatar.<br \/>\nAu cours de cet appel, Son Excellence le Pr\u00e9sident de la R\u00e9publique a exprim\u00e9 sa vive condamnation et sa ferme r\u00e9probation de cette agression brutale. Il a r\u00e9affirm\u00e9 la condamnation par la R\u00e9publique Islamique de Mauritanie \u2013 au nom du gouvernement et du peuple \u2013 de cette attaque dirig\u00e9e contre l&#8217;\u00c9tat fr\u00e8re du Qatar, laquelle constitue une violation flagrante de sa souverainet\u00e9 et une transgression du droit international.<br \/>\nIl a \u00e9galement soulign\u00e9 la solidarit\u00e9 totale de la R\u00e9publique Islamique de Mauritanie avec le Qatar et son peuple fr\u00e8re.<\/p>\n","protected":false},"excerpt":{"rendered":"<p>\u00c0 la suite de l&#8217;agression isra\u00e9lienne contre l&#8217;\u00c9tat fr\u00e8re du Qatar, Son Excellence le Pr\u00e9sident de la R\u00e9publique, M. Mohamed Ould Cheikh El Ghazouani, a eu aujourd&#8217;hui un entretien t\u00e9l\u00e9phonique avec son fr\u00e8re, Son Altesse le Cheikh Tamim ben Hamad Al Thani, \u00c9mir de l&#8217;\u00c9tat du Qatar. Au cours de cet appel, Son Excellence le &hellip;<\/p>\n","protected":false},"author":2,"featured_media":18030,"comment_status":"open","ping_status":"open","sticky":false,"template":"","format":"standard","meta":{"footnotes":""},"categories":[18,29],"tags":[],"class_list":["post-18029","post","type-post","status-publish","format-standard","has-post-thumbnail","hentry","category-actualites","category-monde"],"_links":{"self":[{"href":"https:\/\/ladepeche.mr\/index.php?rest_route=\/wp\/v2\/posts\/18029","targetHints":{"allow":["GET"]}}],"collection":[{"href":"https:\/\/ladepeche.mr\/index.php?rest_route=\/wp\/v2\/posts"}],"about":[{"href":"https:\/\/ladepeche.mr\/index.php?rest_route=\/wp\/v2\/types\/post"}],"author":[{"embeddable":true,"href":"https:\/\/ladepeche.mr\/index.php?rest_route=\/wp\/v2\/users\/2"}],"replies":[{"embeddable":true,"href":"https:\/\/ladepeche.mr\/index.php?rest_route=%2Fwp%2Fv2%2Fcomments&post=18029"}],"version-history":[{"count":2,"href":"https:\/\/ladepeche.mr\/index.php?rest_route=\/wp\/v2\/posts\/18029\/revisions"}],"predecessor-version":[{"id":18032,"href":"https:\/\/ladepeche.mr\/index.php?rest_route=\/wp\/v2\/posts\/18029\/revisions\/18032"}],"wp:featuredmedia":[{"embeddable":true,"href":"https:\/\/ladepeche.mr\/index.php?rest_route=\/wp\/v2\/media\/18030"}],"wp:attachment":[{"href":"https:\/\/ladepeche.mr\/index.php?rest_route=%2Fwp%2Fv2%2Fmedia&parent=18029"}],"wp:term":[{"taxonomy":"category","embeddable":true,"href":"https:\/\/ladepeche.mr\/index.php?rest_route=%2Fwp%2Fv2%2Fcategories&post=18029"},{"taxonomy":"post_tag","embeddable":true,"href":"https:\/\/ladepeche.mr\/index.php?rest_route=%2Fwp%2Fv2%2Ftags&post=18029"}],"curies":[{"name":"wp","href":"https:\/\/api.w.org\/{rel}","templated":true}]}}