{"id":1803,"date":"2022-09-06T19:14:08","date_gmt":"2022-09-06T19:14:08","guid":{"rendered":"https:\/\/ladepeche.mr\/?p=1803"},"modified":"2022-09-06T19:14:08","modified_gmt":"2022-09-06T19:14:08","slug":"remaniement-partiel-au-niveau-du-gouvernement","status":"publish","type":"post","link":"https:\/\/ladepeche.mr\/?p=1803","title":{"rendered":"Remaniement partiel au niveau du Gouvernement"},"content":{"rendered":"<p>Un d\u00e9cret pr\u00e9sidentiel en date de ce jour, 06 septembre 2022 , fait \u00e9tat d\u2019un remaniement minist\u00e9riel touchant les d\u00e9partements de l\u2019\u00e9ducation nationale, de la transformation num\u00e9rique, de l\u2019agriculture, de l\u2019\u00c9levage, de l\u2019emploi et de la formation professionnelle, de l\u2019\u00e9quipement et des transports, de la culture, de la jeunesse et des sports, de l\u2019environnement et du d\u00e9veloppement durable.<\/p>\n<p>En voici la teneur :<\/p>\n<p>Sur proposition du Premier ministre, le Pr\u00e9sident de la R\u00e9publique d\u00e9cr\u00e8te:<\/p>\n<p>Ministre de l\u2019\u00c9ducation nationale et de la R\u00e9forme du Syst\u00e8me \u00e9ducatif : Adama Bokar Soko;<\/p>\n<p>Ministre de la Transition Num\u00e9rique, de l\u2019Innovation et de la Modernisation de l\u2019Administration: Moctar Ahmed Yedaly;<\/p>\n<p>Ministre de l\u2019Agriculture: Yahya Ould Ahmed Waghf;<\/p>\n<p>Ministre de l\u2019Emploi et Formation Professionnelle: Niang Mamoudou;<\/p>\n<p>Ministre de l\u2019\u00c9quipement et des Transports, Porte- parole du Gouvernement: Nany Ould Chrougha;<\/p>\n<p>Ministre de la Culture, de la Jeunesse, des Sports et des Relations avec le Parlement : Mohamed Ould Soueidatt;<\/p>\n<p>Ministre de Environnement et du D\u00e9veloppement Durable : Lalya Ali Camara.<\/p>\n<p>Ami<\/p>\n","protected":false},"excerpt":{"rendered":"<p>Un d\u00e9cret pr\u00e9sidentiel en date de ce jour, 06 septembre 2022 , fait \u00e9tat d\u2019un remaniement minist\u00e9riel touchant les d\u00e9partements de l\u2019\u00e9ducation nationale, de la transformation num\u00e9rique, de l\u2019agriculture, de l\u2019\u00c9levage, de l\u2019emploi et de la formation professionnelle, de l\u2019\u00e9quipement et des transports, de la culture, de la jeunesse et des sports, de l\u2019environnement et &hellip;<\/p>\n","protected":false},"author":2,"featured_media":1804,"comment_status":"open","ping_status":"open","sticky":false,"template":"","format":"standard","meta":{"footnotes":""},"categories":[18],"tags":[],"class_list":["post-1803","post","type-post","status-publish","format-standard","has-post-thumbnail","hentry","category-actualites"],"_links":{"self":[{"href":"https:\/\/ladepeche.mr\/index.php?rest_route=\/wp\/v2\/posts\/1803","targetHints":{"allow":["GET"]}}],"collection":[{"href":"https:\/\/ladepeche.mr\/index.php?rest_route=\/wp\/v2\/posts"}],"about":[{"href":"https:\/\/ladepeche.mr\/index.php?rest_route=\/wp\/v2\/types\/post"}],"author":[{"embeddable":true,"href":"https:\/\/ladepeche.mr\/index.php?rest_route=\/wp\/v2\/users\/2"}],"replies":[{"embeddable":true,"href":"https:\/\/ladepeche.mr\/index.php?rest_route=%2Fwp%2Fv2%2Fcomments&post=1803"}],"version-history":[{"count":1,"href":"https:\/\/ladepeche.mr\/index.php?rest_route=\/wp\/v2\/posts\/1803\/revisions"}],"predecessor-version":[{"id":1805,"href":"https:\/\/ladepeche.mr\/index.php?rest_route=\/wp\/v2\/posts\/1803\/revisions\/1805"}],"wp:featuredmedia":[{"embeddable":true,"href":"https:\/\/ladepeche.mr\/index.php?rest_route=\/wp\/v2\/media\/1804"}],"wp:attachment":[{"href":"https:\/\/ladepeche.mr\/index.php?rest_route=%2Fwp%2Fv2%2Fmedia&parent=1803"}],"wp:term":[{"taxonomy":"category","embeddable":true,"href":"https:\/\/ladepeche.mr\/index.php?rest_route=%2Fwp%2Fv2%2Fcategories&post=1803"},{"taxonomy":"post_tag","embeddable":true,"href":"https:\/\/ladepeche.mr\/index.php?rest_route=%2Fwp%2Fv2%2Ftags&post=1803"}],"curies":[{"name":"wp","href":"https:\/\/api.w.org\/{rel}","templated":true}]}}